{"id":6512,"date":"2023-09-06T13:08:25","date_gmt":"2023-09-06T13:08:25","guid":{"rendered":"http:\/\/172.27.0.121\/?p=6512"},"modified":"2024-04-23T20:43:23","modified_gmt":"2024-04-24T00:43:23","slug":"especial-la-carta-de-jamaica-dejo-plasmado-el-pensamiento-de-bolivar-para-derrotar-a-espana","status":"publish","type":"post","link":"https:\/\/prensapresidencialvenezuela.gob.ve\/index.php\/2023\/09\/06\/especial-la-carta-de-jamaica-dejo-plasmado-el-pensamiento-de-bolivar-para-derrotar-a-espana\/","title":{"rendered":"La Carta de Jamaica dej\u00f3 plasmado el pensamiento de Bol\u00edvar para derrotar a Espa\u00f1a"},"content":{"rendered":"\n<p>El Libertador Sim\u00f3n Bol\u00edvar en su Carta de Jamaica, escrita&nbsp;el 6 de septiembre de 1815 en Kingston capital de la otrora colonia brit\u00e1nica, dej\u00f3 plasmado la imperiosa necesidad&nbsp;de liberar Am\u00e9rica de la monarqu\u00eda espa\u00f1ola, al mismo tiempo demostr\u00f3 su gran capacidad intelectual como&nbsp;estratega militar y pensador integral.<\/p>\n\n\n\n<p>Descargue la publicaci\u00f3n \u00edntegra aqu\u00ed&nbsp;<\/p>\n\n\n\n<div class=\"wp-block-file\"><a id=\"wp-block-file--media-7a2c6a21-58b6-4d39-91b6-a002132f3b18\" href=\"https:\/\/prensapresidencialvenezuela.gob.ve\/wp-content\/uploads\/2023\/09\/FOLLETO-CARTA-DE-JAMAICA_101356.pdf\">FOLLETO-CARTA-DE-JAMAICA_101356<\/a><a href=\"https:\/\/prensapresidencialvenezuela.gob.ve\/wp-content\/uploads\/2023\/09\/FOLLETO-CARTA-DE-JAMAICA_101356.pdf\" class=\"wp-block-file__button\" download aria-describedby=\"wp-block-file--media-7a2c6a21-58b6-4d39-91b6-a002132f3b18\">Descarga<\/a><\/div>\n\n\n\n<p><\/p>\n\n\n\n<p><\/p>\n","protected":false},"excerpt":{"rendered":"<p>El Libertador Sim\u00f3n Bol\u00edvar en su Carta de Jamaica, escrita&nbsp;el 6 de septiembre de 1815 en Kingston capital de la otrora colonia brit\u00e1nica, dej\u00f3 plasmado la imperiosa necesidad&nbsp;de liberar Am\u00e9rica de la monarqu\u00eda espa\u00f1ola, al mismo tiempo demostr\u00f3 su gran capacidad intelectual como&nbsp;estratega militar y pensador integral. Descargue la publicaci\u00f3n \u00edntegra aqu\u00ed&nbsp;<\/p>\n","protected":false},"author":6,"featured_media":6516,"comment_status":"open","ping_status":"open","sticky":false,"template":"","format":"standard","meta":{"footnotes":""},"categories":[18,10],"tags":[],"class_list":["post-6512","post","type-post","status-publish","format-standard","has-post-thumbnail","hentry","category-noticias-principales","category-especiales"],"_links":{"self":[{"href":"https:\/\/prensapresidencialvenezuela.gob.ve\/index.php\/wp-json\/wp\/v2\/posts\/6512","targetHints":{"allow":["GET"]}}],"collection":[{"href":"https:\/\/prensapresidencialvenezuela.gob.ve\/index.php\/wp-json\/wp\/v2\/posts"}],"about":[{"href":"https:\/\/prensapresidencialvenezuela.gob.ve\/index.php\/wp-json\/wp\/v2\/types\/post"}],"author":[{"embeddable":true,"href":"https:\/\/prensapresidencialvenezuela.gob.ve\/index.php\/wp-json\/wp\/v2\/users\/6"}],"replies":[{"embeddable":true,"href":"https:\/\/prensapresidencialvenezuela.gob.ve\/index.php\/wp-json\/wp\/v2\/comments?post=6512"}],"version-history":[{"count":3,"href":"https:\/\/prensapresidencialvenezuela.gob.ve\/index.php\/wp-json\/wp\/v2\/posts\/6512\/revisions"}],"predecessor-version":[{"id":10594,"href":"https:\/\/prensapresidencialvenezuela.gob.ve\/index.php\/wp-json\/wp\/v2\/posts\/6512\/revisions\/10594"}],"wp:featuredmedia":[{"embeddable":true,"href":"https:\/\/prensapresidencialvenezuela.gob.ve\/index.php\/wp-json\/wp\/v2\/media\/6516"}],"wp:attachment":[{"href":"https:\/\/prensapresidencialvenezuela.gob.ve\/index.php\/wp-json\/wp\/v2\/media?parent=6512"}],"wp:term":[{"taxonomy":"category","embeddable":true,"href":"https:\/\/prensapresidencialvenezuela.gob.ve\/index.php\/wp-json\/wp\/v2\/categories?post=6512"},{"taxonomy":"post_tag","embeddable":true,"href":"https:\/\/prensapresidencialvenezuela.gob.ve\/index.php\/wp-json\/wp\/v2\/tags?post=6512"}],"curies":[{"name":"wp","href":"https:\/\/api.w.org\/{rel}","templated":true}]}}