{"id":6532,"date":"2023-09-06T22:38:46","date_gmt":"2023-09-06T22:38:46","guid":{"rendered":"http:\/\/172.27.0.121\/?p=6532"},"modified":"2023-09-06T22:38:46","modified_gmt":"2023-09-06T22:38:46","slug":"mas-de-350-movilizaciones-autoconvocadas-en-lo-local-ha-protagonizado-el-pueblo","status":"publish","type":"post","link":"https:\/\/prensapresidencialvenezuela.gob.ve\/index.php\/2023\/09\/06\/mas-de-350-movilizaciones-autoconvocadas-en-lo-local-ha-protagonizado-el-pueblo\/","title":{"rendered":"M\u00e1s de 350 movilizaciones autoconvocadas en lo local ha protagonizado el pueblo"},"content":{"rendered":"\n<p><strong>Catia La Mar, estado La Guaira. \u2013<\/strong>El presidente de la Rep\u00fablica Bolivariana de Venezuela, Nicol\u00e1s Maduro, destac\u00f3 que, a la fecha, se han realizado 374 movilizaciones populares autoconvocadas en lo local, lo que se traduce en que m\u00e1s de 2 millones 800 mil venezolanos y venezolanas se han movilizado en sus comunidades.<\/p>\n\n\n\n<p>Durante el Encuentro con los Gobiernos Comunitarios del estado la Guaira, aplaudi\u00f3 las movilizaciones populares que se han desarrollado con una participaci\u00f3n importante de hombres y mujeres, as\u00ed como de movimientos sociales.&nbsp;<\/p>\n\n\n\n<p>\u201cAqu\u00ed no hay autobuses, aqu\u00ed no le pagan a los motorizados, aqu\u00ed la gente va por voluntad propia, por conciencia, por amor a la patria, por apoyo a la Revoluci\u00f3n, por eso es que la gente sale a la calle\u201d, sentenci\u00f3 el jefe de Estado venezolano, al dar las gracias a su pueblo.<\/p>\n\n\n\n<p>Con un discurso contundente, el Mandatario llam\u00f3 a seguir haciendo patria y a ir por m\u00e1s victorias, porque \u201cno han podido con nosotros ni podr\u00e1n jam\u00e1s con el pueblo de Bol\u00edvar, el pueblo de Ch\u00e1vez\u201d, subray\u00f3.<\/p>\n\n\n\n<p>En la jornada, una de las lideresas de la parroquia Catia La Mar, N\u00e1yades P\u00e9rez, destac\u00f3 el trabajo que se desarrolla en la comunidad, con el apoyo del Gobierno Nacional.<\/p>\n\n\n\n<p>Describi\u00f3 el sistema 4&#215;4 integral (trabajo en el marco de la unidad de las Misiones y Grandes Misiones, las instituciones del Estado y el Partido Socialista Unido de Venezuela) y explic\u00f3 que<a><\/a> el mismo est\u00e1 conformado por \u201c42 equipos de calle, 140 equipos de comunidad, 907 equipos de calle, Misiones y Grandes Misiones, Juventud, Frente Francisco de Miranda, militares, polic\u00edas, uni\u00f3n c\u00edvico-militar\u201d.<\/p>\n\n\n\n<p>Se\u00f1al\u00f3 que vocera que este mecanismo es la fuerza que gu\u00eda la Revoluci\u00f3n Bolivariana, y permite ratificar la voluntad del pueblo y su consciencia frente al ataque del imperio.<\/p>\n\n\n\n<p><strong>Logros de consejos comunales<\/strong><\/p>\n\n\n\n<p>El Dignatario, adem\u00e1s, pas\u00f3 revista a los logros de los consejos comunitarios y su rol como gobiernos comunitarios.<\/p>\n\n\n\n<p>Record\u00f3 que en esa l\u00ednea se han aprobado un conjunto de proyectos para que los consejos comunales de base se sumen a la optimizaci\u00f3n de los recursos que le son otorgados.<\/p>\n\n\n\n<p>\u201cVan a multiplicar en obras cada centavo que le demos\u201d, refiri\u00f3, al tiempo que el gobernador de la entidad, Alejandro Ter\u00e1n, detall\u00f3 los avances en la organizaci\u00f3n del pueblo y el trabajo de actualizaci\u00f3n de todos los consejos comunales del estado, los cuales, a la fecha, han recibido \u201crecursos del El Fondo para el Desarrollo Nacional (FONDEN) por m\u00e1s de 1 mill\u00f3n de d\u00f3lares, para la ejecuci\u00f3n de 145 proyectos\u201d.<\/p>\n\n\n\n<p>Destac\u00f3 que estos planes los ha elaborado el poder popular y que los mismos est\u00e1n vinculados a la priorizaci\u00f3n del 1&#215;10 del Buen Gobierno: Salud, Educaci\u00f3n y Servicios P\u00fablicos (problemas del agua).<\/p>\n\n\n\n<p>De los 145 proyectos, ya se han ejecutado 115 planes, de acuerdo con informaci\u00f3n de la autoridad local, mientras que los 30 programas restantes est\u00e1n en desarrollo.<\/p>\n\n\n\n<p>En esta jornada, presidente Maduro estuvo acompa\u00f1ado por la primera combatiente de la Rep\u00fablica, Cilia Flores; el gobernador de la entidad, Alejandro Ter\u00e1n; alcalde del municipio Vargas, Jos\u00e9 Manuel Su\u00e1rez; ministro de la Juventud, Mervin Maldonado; y de Comunas, Jorge Arreaza.<\/p>\n\n\n\n<p><strong>Prensa Presidencial \/ Ana\u00eds P\u00e9rez&nbsp;<\/strong><\/p>\n","protected":false},"excerpt":{"rendered":"<p>Catia La Mar, estado La Guaira. \u2013El presidente de la Rep\u00fablica Bolivariana de Venezuela, Nicol\u00e1s Maduro, destac\u00f3 que, a la fecha, se han realizado 374 movilizaciones populares autoconvocadas en lo local, lo que se traduce en que m\u00e1s de 2 millones 800 mil venezolanos y venezolanas se han movilizado en sus comunidades. Durante el Encuentro [&hellip;]<\/p>\n","protected":false},"author":6,"featured_media":6533,"comment_status":"open","ping_status":"open","sticky":false,"template":"","format":"standard","meta":{"footnotes":""},"categories":[18,7],"tags":[30,19,27,20],"class_list":["post-6532","post","type-post","status-publish","format-standard","has-post-thumbnail","hentry","category-noticias-principales","category-notas-de-prensa","tag-destacado","tag-nicolas-maduro","tag-revolucion-bolivariana","tag-venezuela"],"_links":{"self":[{"href":"https:\/\/prensapresidencialvenezuela.gob.ve\/index.php\/wp-json\/wp\/v2\/posts\/6532","targetHints":{"allow":["GET"]}}],"collection":[{"href":"https:\/\/prensapresidencialvenezuela.gob.ve\/index.php\/wp-json\/wp\/v2\/posts"}],"about":[{"href":"https:\/\/prensapresidencialvenezuela.gob.ve\/index.php\/wp-json\/wp\/v2\/types\/post"}],"author":[{"embeddable":true,"href":"https:\/\/prensapresidencialvenezuela.gob.ve\/index.php\/wp-json\/wp\/v2\/users\/6"}],"replies":[{"embeddable":true,"href":"https:\/\/prensapresidencialvenezuela.gob.ve\/index.php\/wp-json\/wp\/v2\/comments?post=6532"}],"version-history":[{"count":1,"href":"https:\/\/prensapresidencialvenezuela.gob.ve\/index.php\/wp-json\/wp\/v2\/posts\/6532\/revisions"}],"predecessor-version":[{"id":6534,"href":"https:\/\/prensapresidencialvenezuela.gob.ve\/index.php\/wp-json\/wp\/v2\/posts\/6532\/revisions\/6534"}],"wp:featuredmedia":[{"embeddable":true,"href":"https:\/\/prensapresidencialvenezuela.gob.ve\/index.php\/wp-json\/wp\/v2\/media\/6533"}],"wp:attachment":[{"href":"https:\/\/prensapresidencialvenezuela.gob.ve\/index.php\/wp-json\/wp\/v2\/media?parent=6532"}],"wp:term":[{"taxonomy":"category","embeddable":true,"href":"https:\/\/prensapresidencialvenezuela.gob.ve\/index.php\/wp-json\/wp\/v2\/categories?post=6532"},{"taxonomy":"post_tag","embeddable":true,"href":"https:\/\/prensapresidencialvenezuela.gob.ve\/index.php\/wp-json\/wp\/v2\/tags?post=6532"}],"curies":[{"name":"wp","href":"https:\/\/api.w.org\/{rel}","templated":true}]}}