{"id":6564,"date":"2023-09-09T10:03:05","date_gmt":"2023-09-09T10:03:05","guid":{"rendered":"http:\/\/172.27.0.121\/?p=6564"},"modified":"2023-09-09T10:03:05","modified_gmt":"2023-09-09T10:03:05","slug":"venezuela-y-china-firman-memorandum-de-entendimiento-en-el-area-de-cooperacion-desarrollo-y-modernizacion","status":"publish","type":"post","link":"https:\/\/prensapresidencialvenezuela.gob.ve\/index.php\/2023\/09\/09\/venezuela-y-china-firman-memorandum-de-entendimiento-en-el-area-de-cooperacion-desarrollo-y-modernizacion\/","title":{"rendered":"Venezuela y China firman Memor\u00e1ndum de Entendimiento en el \u00e1rea de cooperaci\u00f3n, desarrollo y modernizaci\u00f3n"},"content":{"rendered":"\n<p><strong>Shenzhen, Rep\u00fablica Popular China.-<\/strong> Este s\u00e1bado, la Rep\u00fablica Bolivariana de Venezuela y la Rep\u00fablica Popular China, firmaron Memor\u00e1ndum de Entendimiento entre la Superintendencia Nacional de las Zonas Econ\u00f3micas Especiales de Venezuela y el Centro de Investigaci\u00f3n de las Zonas Econ\u00f3micas Especiales de la Universidad de Shenzhen de la Rep\u00fablica Popular China.<\/p>\n\n\n\n<p>Este documento tiene que ver con el \u00e1mbito de la cooperaci\u00f3n, desarrollo y modernizaci\u00f3n de las zonas econ\u00f3micas especiales.<\/p>\n\n\n\n<p>Por la parte venezolana, firm\u00f3 Johann \u00c1lvarez, superintendente Nacional de las Zonas Econ\u00f3micas Especiales; y por el gigante asi\u00e1tico, Tao Yitao, directora del Centro de Investigaci\u00f3n de las Zonas Econ\u00f3micas Especiales de la Universidad de Shenzhen de la Rep\u00fablica Popular China.<\/p>\n\n\n\n<p>La r\u00fabrica se desarroll\u00f3 en el contexto de la visita del presidente venezolano al Museo de Arte Contempor\u00e1neo y Urbanismo de Shenzhen, en la que apreci\u00f3 la Exposici\u00f3n del 40 Aniversario de la Reforma y Apertura de Guangdong.<\/p>\n\n\n\n<p>En el caso de Venezuela, con las Zonas Econ\u00f3micas Especiales se fortalece un modelo de desarrollo econ\u00f3mico soberano y de producci\u00f3n nacional que garantice el encadenamiento productivo, la seguridad jur\u00eddica, la justicia social y los medios ambientalmente sustentables.<\/p>\n\n\n\n<p>En este sentido, la naci\u00f3n suramericana ha dado pasos fundamentales para el afianzamiento de estas zonas, con la promulgaci\u00f3n de la Ley Org\u00e1nica de las Zonas Econ\u00f3micas Especiales (LOZEE), para regular la creaci\u00f3n, organizaci\u00f3n, funcionamiento, administraci\u00f3n y desarrollo de las Zonas Econ\u00f3micas Especiales.<\/p>\n\n\n\n<p>Precisamente, Shenzhen se erige como la primera Zona Econ\u00f3mica Especial de China. Se construy\u00f3 hace 43 a\u00f1os, 26 de agosto de 1980.<\/p>\n\n\n\n<p>El presidente de la Rep\u00fablica Popular China, Xi Jinping, ha dicho que Shenzhen \u201ces una nueva ciudad forjada por el partido y el pueblo\u201d.<\/p>\n\n\n\n<p><strong>&nbsp;Prensa Presidencial\/ Anais P\u00e9<\/strong><\/p>\n","protected":false},"excerpt":{"rendered":"<p>Shenzhen, Rep\u00fablica Popular China.- Este s\u00e1bado, la Rep\u00fablica Bolivariana de Venezuela y la Rep\u00fablica Popular China, firmaron Memor\u00e1ndum de Entendimiento entre la Superintendencia Nacional de las Zonas Econ\u00f3micas Especiales de Venezuela y el Centro de Investigaci\u00f3n de las Zonas Econ\u00f3micas Especiales de la Universidad de Shenzhen de la Rep\u00fablica Popular China. Este documento tiene que [&hellip;]<\/p>\n","protected":false},"author":6,"featured_media":6565,"comment_status":"open","ping_status":"open","sticky":false,"template":"","format":"standard","meta":{"footnotes":""},"categories":[18,7],"tags":[31,38,19,27,20],"class_list":["post-6564","post","type-post","status-publish","format-standard","has-post-thumbnail","hentry","category-noticias-principales","category-notas-de-prensa","tag-china","tag-diplomacia-bolivariana-de-paz","tag-nicolas-maduro","tag-revolucion-bolivariana","tag-venezuela"],"_links":{"self":[{"href":"https:\/\/prensapresidencialvenezuela.gob.ve\/index.php\/wp-json\/wp\/v2\/posts\/6564","targetHints":{"allow":["GET"]}}],"collection":[{"href":"https:\/\/prensapresidencialvenezuela.gob.ve\/index.php\/wp-json\/wp\/v2\/posts"}],"about":[{"href":"https:\/\/prensapresidencialvenezuela.gob.ve\/index.php\/wp-json\/wp\/v2\/types\/post"}],"author":[{"embeddable":true,"href":"https:\/\/prensapresidencialvenezuela.gob.ve\/index.php\/wp-json\/wp\/v2\/users\/6"}],"replies":[{"embeddable":true,"href":"https:\/\/prensapresidencialvenezuela.gob.ve\/index.php\/wp-json\/wp\/v2\/comments?post=6564"}],"version-history":[{"count":1,"href":"https:\/\/prensapresidencialvenezuela.gob.ve\/index.php\/wp-json\/wp\/v2\/posts\/6564\/revisions"}],"predecessor-version":[{"id":6566,"href":"https:\/\/prensapresidencialvenezuela.gob.ve\/index.php\/wp-json\/wp\/v2\/posts\/6564\/revisions\/6566"}],"wp:featuredmedia":[{"embeddable":true,"href":"https:\/\/prensapresidencialvenezuela.gob.ve\/index.php\/wp-json\/wp\/v2\/media\/6565"}],"wp:attachment":[{"href":"https:\/\/prensapresidencialvenezuela.gob.ve\/index.php\/wp-json\/wp\/v2\/media?parent=6564"}],"wp:term":[{"taxonomy":"category","embeddable":true,"href":"https:\/\/prensapresidencialvenezuela.gob.ve\/index.php\/wp-json\/wp\/v2\/categories?post=6564"},{"taxonomy":"post_tag","embeddable":true,"href":"https:\/\/prensapresidencialvenezuela.gob.ve\/index.php\/wp-json\/wp\/v2\/tags?post=6564"}],"curies":[{"name":"wp","href":"https:\/\/api.w.org\/{rel}","templated":true}]}}