{"id":6737,"date":"2023-09-15T12:41:42","date_gmt":"2023-09-15T12:41:42","guid":{"rendered":"http:\/\/172.27.0.121\/?p=6737"},"modified":"2023-09-15T12:41:42","modified_gmt":"2023-09-15T12:41:42","slug":"presidente-maduro-arriba-a-la-habana-para-participar-en-la-cumbre-g-77china","status":"publish","type":"post","link":"https:\/\/prensapresidencialvenezuela.gob.ve\/index.php\/2023\/09\/15\/presidente-maduro-arriba-a-la-habana-para-participar-en-la-cumbre-g-77china\/","title":{"rendered":"Presidente Maduro arriba a La Habana para participar en la Cumbre G-77+China"},"content":{"rendered":"\n<p><strong>La Habana, Cuba.-<\/strong> El presidente de la Rep\u00fablica Bolivariana de Venezuela, Nicol\u00e1s Maduro, arrib\u00f3 este viernes, &nbsp;a la 7:40 de la ma\u00f1ana (HDV), &nbsp;al Aeropuerto Internacional Jos\u00e9 Mart\u00ed, ubicado en La Habana, Cuba, para participar en la Cumbre G-77+China.<\/p>\n\n\n\n<p>Un centenar de pa\u00edses est\u00e1n representados en el encuentro, entre ellos Ir\u00e1n, Brasil, la India, Colombia, Nicaragua y China..<\/p>\n\n\n\n<p>El grupo, creado por 77 pa\u00edses en 1964, se ampli\u00f3 hasta sumar a 134 naciones de Asia, \u00c1frica y Am\u00e9rica Latina, mientras que China participa de forma externa y estar\u00e1 representada en esta cumbre por Li Xi, miembro del comit\u00e9 permanente del bur\u00f3 pol\u00edtico del Partido Comunista de China.<\/p>\n\n\n\n<p>El G77+China, que integra una centena de pa\u00edses de Asia, \u00c1frica y Am\u00e9rica Latina representantes del 80% de la poblaci\u00f3n mundial, se re\u00fane este viernes en una cumbre de dos d\u00edas en La Habana para abogar por \u00abun orden econ\u00f3mico internacional nuevo\u00bb.<\/p>\n\n\n\n<p><strong>Prensa Presidencial\/Karla Cotoret<\/strong><\/p>\n","protected":false},"excerpt":{"rendered":"<p>La Habana, Cuba.- El presidente de la Rep\u00fablica Bolivariana de Venezuela, Nicol\u00e1s Maduro, arrib\u00f3 este viernes, &nbsp;a la 7:40 de la ma\u00f1ana (HDV), &nbsp;al Aeropuerto Internacional Jos\u00e9 Mart\u00ed, ubicado en La Habana, Cuba, para participar en la Cumbre G-77+China. Un centenar de pa\u00edses est\u00e1n representados en el encuentro, entre ellos Ir\u00e1n, Brasil, la India, Colombia, [&hellip;]<\/p>\n","protected":false},"author":6,"featured_media":6738,"comment_status":"open","ping_status":"open","sticky":false,"template":"","format":"standard","meta":{"footnotes":""},"categories":[18,7],"tags":[140,30,38,139,19,20],"class_list":["post-6737","post","type-post","status-publish","format-standard","has-post-thumbnail","hentry","category-noticias-principales","category-notas-de-prensa","tag-cuba","tag-destacado","tag-diplomacia-bolivariana-de-paz","tag-g77china","tag-nicolas-maduro","tag-venezuela"],"_links":{"self":[{"href":"https:\/\/prensapresidencialvenezuela.gob.ve\/index.php\/wp-json\/wp\/v2\/posts\/6737","targetHints":{"allow":["GET"]}}],"collection":[{"href":"https:\/\/prensapresidencialvenezuela.gob.ve\/index.php\/wp-json\/wp\/v2\/posts"}],"about":[{"href":"https:\/\/prensapresidencialvenezuela.gob.ve\/index.php\/wp-json\/wp\/v2\/types\/post"}],"author":[{"embeddable":true,"href":"https:\/\/prensapresidencialvenezuela.gob.ve\/index.php\/wp-json\/wp\/v2\/users\/6"}],"replies":[{"embeddable":true,"href":"https:\/\/prensapresidencialvenezuela.gob.ve\/index.php\/wp-json\/wp\/v2\/comments?post=6737"}],"version-history":[{"count":1,"href":"https:\/\/prensapresidencialvenezuela.gob.ve\/index.php\/wp-json\/wp\/v2\/posts\/6737\/revisions"}],"predecessor-version":[{"id":6739,"href":"https:\/\/prensapresidencialvenezuela.gob.ve\/index.php\/wp-json\/wp\/v2\/posts\/6737\/revisions\/6739"}],"wp:featuredmedia":[{"embeddable":true,"href":"https:\/\/prensapresidencialvenezuela.gob.ve\/index.php\/wp-json\/wp\/v2\/media\/6738"}],"wp:attachment":[{"href":"https:\/\/prensapresidencialvenezuela.gob.ve\/index.php\/wp-json\/wp\/v2\/media?parent=6737"}],"wp:term":[{"taxonomy":"category","embeddable":true,"href":"https:\/\/prensapresidencialvenezuela.gob.ve\/index.php\/wp-json\/wp\/v2\/categories?post=6737"},{"taxonomy":"post_tag","embeddable":true,"href":"https:\/\/prensapresidencialvenezuela.gob.ve\/index.php\/wp-json\/wp\/v2\/tags?post=6737"}],"curies":[{"name":"wp","href":"https:\/\/api.w.org\/{rel}","templated":true}]}}