{"id":6747,"date":"2023-09-15T15:47:08","date_gmt":"2023-09-15T15:47:08","guid":{"rendered":"http:\/\/172.27.0.121\/?p=6747"},"modified":"2023-09-15T15:47:08","modified_gmt":"2023-09-15T15:47:08","slug":"presidentes-de-venezuela-y-ruanda-profundizan-cooperacion-en-areas-estrategicas","status":"publish","type":"post","link":"https:\/\/prensapresidencialvenezuela.gob.ve\/index.php\/2023\/09\/15\/presidentes-de-venezuela-y-ruanda-profundizan-cooperacion-en-areas-estrategicas\/","title":{"rendered":"Presidentes de Venezuela y Ruanda profundizan cooperaci\u00f3n en \u00e1reas estrat\u00e9gicas"},"content":{"rendered":"\n<p>L<strong>a Habana, Rep\u00fablica de Cuba.<\/strong>-Los presidente de la Rep\u00fablica Bolivariana de Venezuela y la Rep\u00fablica de Ruanda; Nicolas Maduro y Paul Kagame, respectivamente, sostuvieron reuni\u00f3n bilateral, en el cotexto de la Cumbre del Grupo de los 77, que se realiza en La Habana, los d\u00edas 15 y 16 de septiembre, para profundizar cooperaci\u00f3n en \u00e1reas estrat\u00e9gicas.<\/p>\n\n\n\n<p>En toda la historia de sus relaciones, Venezuela y Ruanda han coincidido en la necesidad de avanzar en la cooperaci\u00f3n bilateral en \u00e1mbitos como educaci\u00f3n (intercambio de estudiantes), transporte, turismo y cultura, entre otros.<\/p>\n\n\n\n<p>Ambas naciones establecieron relaciones diplom\u00e1ticas el 18 de agosto de 1981, como una forma de estrechar los nexos de cooperaci\u00f3n y entendimiento existentes entre ambos pa\u00edses hermanos.<\/p>\n\n\n\n<p>El 7 de diciembre de 2010, ambos gobiernos suscribieron el Memor\u00e1ndum de Entendimiento para el establecimiento de un Mecanismo de Consulta.<\/p>\n\n\n\n<p>En contexto<\/p>\n\n\n\n<p>En 1980, Paul Kagame lider\u00f3 una lucha de cuatro a\u00f1os a cargo del Frente Patri\u00f3tico de Ruanda (FPR) para liberar la pais del orden autocr\u00e1tico y dividido establecido desde la independencia.<\/p>\n\n\n\n<p>Tambi\u00e9n de 1994 hasta el 2000 ocup\u00f3 el cargo de vicepresidente y ministro de Defensa en el Gobierno de Unidad Nacional.<\/p>\n\n\n\n<p>De 2018 a 2019 se desempe\u00f1o como presidente de la Uni\u00f3n Africana (UA).<\/p>\n\n\n\n<p>Cabe destacar que el 22 de abril del 2000<br>tom\u00f3 posesi\u00f3n por primera vez como presidente de la Rep\u00fablica de Ruanda; el 12 de septiembre de 2003 es juramentado como presidente por segunda vez.<\/p>\n\n\n\n<p><strong>Prensa Presidencial\/ Anais Perez<\/strong><\/p>\n","protected":false},"excerpt":{"rendered":"<p>La Habana, Rep\u00fablica de Cuba.-Los presidente de la Rep\u00fablica Bolivariana de Venezuela y la Rep\u00fablica de Ruanda; Nicolas Maduro y Paul Kagame, respectivamente, sostuvieron reuni\u00f3n bilateral, en el cotexto de la Cumbre del Grupo de los 77, que se realiza en La Habana, los d\u00edas 15 y 16 de septiembre, para profundizar cooperaci\u00f3n en \u00e1reas [&hellip;]<\/p>\n","protected":false},"author":6,"featured_media":6748,"comment_status":"open","ping_status":"open","sticky":false,"template":"","format":"standard","meta":{"footnotes":""},"categories":[18,7],"tags":[140,30,38,139,19,20],"class_list":["post-6747","post","type-post","status-publish","format-standard","has-post-thumbnail","hentry","category-noticias-principales","category-notas-de-prensa","tag-cuba","tag-destacado","tag-diplomacia-bolivariana-de-paz","tag-g77china","tag-nicolas-maduro","tag-venezuela"],"_links":{"self":[{"href":"https:\/\/prensapresidencialvenezuela.gob.ve\/index.php\/wp-json\/wp\/v2\/posts\/6747","targetHints":{"allow":["GET"]}}],"collection":[{"href":"https:\/\/prensapresidencialvenezuela.gob.ve\/index.php\/wp-json\/wp\/v2\/posts"}],"about":[{"href":"https:\/\/prensapresidencialvenezuela.gob.ve\/index.php\/wp-json\/wp\/v2\/types\/post"}],"author":[{"embeddable":true,"href":"https:\/\/prensapresidencialvenezuela.gob.ve\/index.php\/wp-json\/wp\/v2\/users\/6"}],"replies":[{"embeddable":true,"href":"https:\/\/prensapresidencialvenezuela.gob.ve\/index.php\/wp-json\/wp\/v2\/comments?post=6747"}],"version-history":[{"count":1,"href":"https:\/\/prensapresidencialvenezuela.gob.ve\/index.php\/wp-json\/wp\/v2\/posts\/6747\/revisions"}],"predecessor-version":[{"id":6749,"href":"https:\/\/prensapresidencialvenezuela.gob.ve\/index.php\/wp-json\/wp\/v2\/posts\/6747\/revisions\/6749"}],"wp:featuredmedia":[{"embeddable":true,"href":"https:\/\/prensapresidencialvenezuela.gob.ve\/index.php\/wp-json\/wp\/v2\/media\/6748"}],"wp:attachment":[{"href":"https:\/\/prensapresidencialvenezuela.gob.ve\/index.php\/wp-json\/wp\/v2\/media?parent=6747"}],"wp:term":[{"taxonomy":"category","embeddable":true,"href":"https:\/\/prensapresidencialvenezuela.gob.ve\/index.php\/wp-json\/wp\/v2\/categories?post=6747"},{"taxonomy":"post_tag","embeddable":true,"href":"https:\/\/prensapresidencialvenezuela.gob.ve\/index.php\/wp-json\/wp\/v2\/tags?post=6747"}],"curies":[{"name":"wp","href":"https:\/\/api.w.org\/{rel}","templated":true}]}}