{"id":6808,"date":"2023-09-16T11:00:10","date_gmt":"2023-09-16T11:00:10","guid":{"rendered":"http:\/\/172.27.0.121\/?p=6808"},"modified":"2023-10-06T18:50:35","modified_gmt":"2023-10-06T18:50:35","slug":"intervencion-del-presidente-nicolas-maduro-en-la-cumbre-del-g77china","status":"publish","type":"post","link":"https:\/\/prensapresidencialvenezuela.gob.ve\/index.php\/2023\/09\/16\/intervencion-del-presidente-nicolas-maduro-en-la-cumbre-del-g77china\/","title":{"rendered":"Intervenci\u00f3n del presidente Nicol\u00e1s Maduro en la Cumbre del G77+China"},"content":{"rendered":"\n<p>Descargue la publicaci\u00f3n \u00edntegra aqu\u00ed&nbsp;<\/p>\n\n\n\n<div class=\"wp-block-file\"><a id=\"wp-block-file--media-9ed698a9-d62d-40b7-a49a-6399a316c70a\" href=\"https:\/\/prensapresidencialvenezuela.gob.ve\/wp-content\/uploads\/2023\/09\/FOLLETO-INTERVENCION-PDTE-MADURO-G77CHINA_111705.pdf\">FOLLETO-INTERVENCION-PDTE-MADURO-G77CHINA_111705<\/a><a href=\"https:\/\/prensapresidencialvenezuela.gob.ve\/wp-content\/uploads\/2023\/09\/FOLLETO-INTERVENCION-PDTE-MADURO-G77CHINA_111705.pdf\" class=\"wp-block-file__button\" download aria-describedby=\"wp-block-file--media-9ed698a9-d62d-40b7-a49a-6399a316c70a\">Descarga<\/a><\/div>\n\n\n\n<p><\/p>\n","protected":false},"excerpt":{"rendered":"<p>Descargue la publicaci\u00f3n \u00edntegra aqu\u00ed&nbsp;<\/p>\n","protected":false},"author":6,"featured_media":7050,"comment_status":"open","ping_status":"open","sticky":false,"template":"","format":"standard","meta":{"footnotes":""},"categories":[18,8],"tags":[140,30,38,139,19,20],"class_list":["post-6808","post","type-post","status-publish","format-standard","has-post-thumbnail","hentry","category-noticias-principales","category-notas-del-discurso","tag-cuba","tag-destacado","tag-diplomacia-bolivariana-de-paz","tag-g77china","tag-nicolas-maduro","tag-venezuela"],"_links":{"self":[{"href":"https:\/\/prensapresidencialvenezuela.gob.ve\/index.php\/wp-json\/wp\/v2\/posts\/6808","targetHints":{"allow":["GET"]}}],"collection":[{"href":"https:\/\/prensapresidencialvenezuela.gob.ve\/index.php\/wp-json\/wp\/v2\/posts"}],"about":[{"href":"https:\/\/prensapresidencialvenezuela.gob.ve\/index.php\/wp-json\/wp\/v2\/types\/post"}],"author":[{"embeddable":true,"href":"https:\/\/prensapresidencialvenezuela.gob.ve\/index.php\/wp-json\/wp\/v2\/users\/6"}],"replies":[{"embeddable":true,"href":"https:\/\/prensapresidencialvenezuela.gob.ve\/index.php\/wp-json\/wp\/v2\/comments?post=6808"}],"version-history":[{"count":3,"href":"https:\/\/prensapresidencialvenezuela.gob.ve\/index.php\/wp-json\/wp\/v2\/posts\/6808\/revisions"}],"predecessor-version":[{"id":7051,"href":"https:\/\/prensapresidencialvenezuela.gob.ve\/index.php\/wp-json\/wp\/v2\/posts\/6808\/revisions\/7051"}],"wp:featuredmedia":[{"embeddable":true,"href":"https:\/\/prensapresidencialvenezuela.gob.ve\/index.php\/wp-json\/wp\/v2\/media\/7050"}],"wp:attachment":[{"href":"https:\/\/prensapresidencialvenezuela.gob.ve\/index.php\/wp-json\/wp\/v2\/media?parent=6808"}],"wp:term":[{"taxonomy":"category","embeddable":true,"href":"https:\/\/prensapresidencialvenezuela.gob.ve\/index.php\/wp-json\/wp\/v2\/categories?post=6808"},{"taxonomy":"post_tag","embeddable":true,"href":"https:\/\/prensapresidencialvenezuela.gob.ve\/index.php\/wp-json\/wp\/v2\/tags?post=6808"}],"curies":[{"name":"wp","href":"https:\/\/api.w.org\/{rel}","templated":true}]}}