{"id":6856,"date":"2023-09-19T00:38:46","date_gmt":"2023-09-19T00:38:46","guid":{"rendered":"http:\/\/172.27.0.121\/?p=6856"},"modified":"2023-09-19T00:38:46","modified_gmt":"2023-09-19T00:38:46","slug":"venezuela-es-cada-vez-mas-reconocida-en-la-construccion-del-nuevo-mundo","status":"publish","type":"post","link":"https:\/\/prensapresidencialvenezuela.gob.ve\/index.php\/2023\/09\/19\/venezuela-es-cada-vez-mas-reconocida-en-la-construccion-del-nuevo-mundo\/","title":{"rendered":"Venezuela es cada vez m\u00e1s reconocida en la construcci\u00f3n del nuevo mundo"},"content":{"rendered":"\n<p><strong>Palacio de Miraflores, Caracas.- <\/strong>\u201cVenezuela est\u00e1 relacionada con el mundo; cada vez m\u00e1s reconocida, cada vez m\u00e1s admirada, cada vez m\u00e1s querida; esa es nuestra Venezuela, ocupando el papel que nos toca en la construcci\u00f3n del nuevo mundo, de la nueva geopol\u00edtica mundial llevando la voz de Venezuela clara, firme y libre al mundo de iguales\u201d.<\/p>\n\n\n\n<p>Las palabras corresponden al presidente de la Rep\u00fablica Bolivariana de Venezuela, Nicol\u00e1s Maduro Moros, con respecto a las relaciones bilaterales que sostuvo con Jefes y Jefas de Estados; y encargados diplom\u00e1tico de las naciones que participaron en la Cumbre Mundial del G77 + China, celebrada en la ciudad de La Habana, Cuba.<\/p>\n\n\n\n<p>\u201cLa cumbre del G77 + China \u2013celebrada en- Cuba ha sido un \u00e9xito mundial de Cuba y su liderazgo ante los pa\u00edses del Sur Global, lo cual demuestra el apoyo que tiene Cuba en el mundo, la Revoluci\u00f3n Cubana y la uni\u00f3n en que estamos; esa es la familia del Sur\u201d, felicit\u00f3.<\/p>\n\n\n\n<p>El Jefe de Estado venezolano, brindo detalles de sus reuniones con sus hom\u00f3logos reiterando el firme compromiso en un mundo de iguales y libres de cualquier tutelaje.<\/p>\n\n\n\n<p>En sus primeras reuniones estuvieron el presidente de Ruanda, Paul Kagame, con quien estableci\u00f3 una agenda de trabajo para ambas naciones, asimismo, se reuni\u00f3 con el secretario general de la ONU, Ant\u00f3nio Guterres, que en el ameno encuentro le fue solicitado que eleve su vos para \u201cexigirle al gobierno de Estados Unidos que levanten todas sus sanciones contra Venezuela\u201d, se\u00f1al\u00f3.<\/p>\n\n\n\n<p>Inform\u00f3 el presidente Maduro que tras la reuni\u00f3n sostenida con su homologo de Angola,&nbsp; pr\u00f3ximamente visitaran, a la naci\u00f3n venezolanas, una delegaci\u00f3n de expertos y de inversionista en minas \u201cporque Angola ha logrado desarrollar el tema minero y nosotros necesitamos desarrollarlo aun m\u00e1s\u201d, detall\u00f3.<\/p>\n\n\n\n<p>El Dignatario venezolano al sostener encuentros con sus pares de Rep\u00fablica Dominicana, Luis Abinader; y de Honduras Xiomara Castro, reafirm\u00f3 la reanimaci\u00f3n&nbsp; de la cooperaci\u00f3n econ\u00f3mica, comercial y energ\u00e9tica entre Venezuela y Rep\u00fablica Dominicana;&nbsp; as\u00ed como tambi\u00e9n, necesidad de reavivar la cooperaci\u00f3n energ\u00e9tica entre Honduras y Venezuela.<\/p>\n\n\n\n<p>Asimismo, Maduro se reuni\u00f3&nbsp; con el presidente de Nicaragua Daniel Ortega, con el primer ministro de Dominica y presidente de la Comunidad del Caribe (CARICOM), Roosevelt Skerrit, con el primer ministro San Vicente y las Granadinas y tambi\u00e9n presidente de la Comunidad Estado Latinoamericano y Caribe\u00f1o (CELAC), Ralph Gonsalves.<\/p>\n\n\n\n<p>El m\u00e1ximo representante del Ejecutivo venezolano, destac\u00f3 que sostuvo encuentros con la canciller de M\u00e9xico, Alicia B\u00e1rcena; con el canciller de San Crist\u00f3bal y Nieves, Denzil Douglas y con el presidente de la Uni\u00f3n de las Comoras, Azali Assoumani.<\/p>\n\n\n\n<p>&nbsp;\u201cAbogando por el mundo igual en el siglo XXI, como lo dije, nuestro siglo, el siglo donde debe acabarse el imperialismo, hegemonismo, los colonialismo, el siglo de los pueblos libres, iguales y feliz, nuestro siglo, el siglo XXI\u201d, reiter\u00f3.<\/p>\n\n\n\n<p><strong>Prensa Presidencial\/Eduardo Hueck<\/strong><\/p>\n","protected":false},"excerpt":{"rendered":"<p>Palacio de Miraflores, Caracas.- \u201cVenezuela est\u00e1 relacionada con el mundo; cada vez m\u00e1s reconocida, cada vez m\u00e1s admirada, cada vez m\u00e1s querida; esa es nuestra Venezuela, ocupando el papel que nos toca en la construcci\u00f3n del nuevo mundo, de la nueva geopol\u00edtica mundial llevando la voz de Venezuela clara, firme y libre al mundo de [&hellip;]<\/p>\n","protected":false},"author":6,"featured_media":6857,"comment_status":"open","ping_status":"open","sticky":false,"template":"","format":"standard","meta":{"footnotes":""},"categories":[18,7],"tags":[31,30,38,19,27,20],"class_list":["post-6856","post","type-post","status-publish","format-standard","has-post-thumbnail","hentry","category-noticias-principales","category-notas-de-prensa","tag-china","tag-destacado","tag-diplomacia-bolivariana-de-paz","tag-nicolas-maduro","tag-revolucion-bolivariana","tag-venezuela"],"_links":{"self":[{"href":"https:\/\/prensapresidencialvenezuela.gob.ve\/index.php\/wp-json\/wp\/v2\/posts\/6856","targetHints":{"allow":["GET"]}}],"collection":[{"href":"https:\/\/prensapresidencialvenezuela.gob.ve\/index.php\/wp-json\/wp\/v2\/posts"}],"about":[{"href":"https:\/\/prensapresidencialvenezuela.gob.ve\/index.php\/wp-json\/wp\/v2\/types\/post"}],"author":[{"embeddable":true,"href":"https:\/\/prensapresidencialvenezuela.gob.ve\/index.php\/wp-json\/wp\/v2\/users\/6"}],"replies":[{"embeddable":true,"href":"https:\/\/prensapresidencialvenezuela.gob.ve\/index.php\/wp-json\/wp\/v2\/comments?post=6856"}],"version-history":[{"count":1,"href":"https:\/\/prensapresidencialvenezuela.gob.ve\/index.php\/wp-json\/wp\/v2\/posts\/6856\/revisions"}],"predecessor-version":[{"id":6858,"href":"https:\/\/prensapresidencialvenezuela.gob.ve\/index.php\/wp-json\/wp\/v2\/posts\/6856\/revisions\/6858"}],"wp:featuredmedia":[{"embeddable":true,"href":"https:\/\/prensapresidencialvenezuela.gob.ve\/index.php\/wp-json\/wp\/v2\/media\/6857"}],"wp:attachment":[{"href":"https:\/\/prensapresidencialvenezuela.gob.ve\/index.php\/wp-json\/wp\/v2\/media?parent=6856"}],"wp:term":[{"taxonomy":"category","embeddable":true,"href":"https:\/\/prensapresidencialvenezuela.gob.ve\/index.php\/wp-json\/wp\/v2\/categories?post=6856"},{"taxonomy":"post_tag","embeddable":true,"href":"https:\/\/prensapresidencialvenezuela.gob.ve\/index.php\/wp-json\/wp\/v2\/tags?post=6856"}],"curies":[{"name":"wp","href":"https:\/\/api.w.org\/{rel}","templated":true}]}}