{"id":6903,"date":"2023-09-21T23:28:21","date_gmt":"2023-09-21T23:28:21","guid":{"rendered":"http:\/\/172.27.0.121\/?p=6903"},"modified":"2023-09-21T23:28:21","modified_gmt":"2023-09-21T23:28:21","slug":"mas-de-30-empresas-nacionales-han-manifestado-intencion-de-participar-en-la-feria-de-importaciones-en-china","status":"publish","type":"post","link":"https:\/\/prensapresidencialvenezuela.gob.ve\/index.php\/2023\/09\/21\/mas-de-30-empresas-nacionales-han-manifestado-intencion-de-participar-en-la-feria-de-importaciones-en-china\/","title":{"rendered":"M\u00e1s de 30 empresas nacionales han manifestado intenci\u00f3n de participar en la Feria de Importaciones en China"},"content":{"rendered":"\n<p><strong>Hotel Humboldt, Warairarepano.<\/strong><a><strong>&#8211; <\/strong><\/a>M\u00e1s de 30 empresas venezolanas han realizado las gestiones pertinentes con el prop\u00f3sito de participar en la Feria Internacional de Importaciones, la cual se realizar\u00e1 entre el 5 y 10 de noviembre en la Rep\u00fablica Popular China.<\/p>\n\n\n\n<p>As\u00ed lo dio a conocer el Jefe de Estado, Nicol\u00e1s Maduro, durante la reuni\u00f3n con el Consejo Nacional de Econom\u00eda para impulsar la producci\u00f3n nacional, desde el Hotel Humboldt, ubicado en el Sistema Telef\u00e9rico Warairarepano.<\/p>\n\n\n\n<p>\u201cTenemos 30 empresas venezolanas que han sido aceptadas (\u2026) los productores cargan la informaci\u00f3n en el comit\u00e9 promotor de este importante evento a nivel mundial, y all\u00ed deben presentar las especificaciones de su producto (\u2026) es una extraordinaria oportunidad para los productores del pa\u00eds\u201d, inform\u00f3 la vicepresidenta Ejecutiva de la Rep\u00fablica, Delcy Rodr\u00edguez.<\/p>\n\n\n\n<p>Asimismo, el Mandatario, asegur\u00f3 que Venezuela \u201ctransita el camino correcto con un plan y una meta fija, con una estrategia, aprendiendo, innovando, articulando, construyendo, para salir del rentismo petrolero y construir una nueva econom\u00eda productiva, diversificada, con vocaci\u00f3n exportadora\u201d.<\/p>\n\n\n\n<p>Al respecto, manifest\u00f3 la importancia de consolidar las Zonas Econ\u00f3micas Especiales (ZEE) con las provincias chinas en aras de transformarse \u201cen un gran im\u00e1n para traer inversiones\u201d.<\/p>\n\n\n\n<p>Destac\u00f3 que el gigante asi\u00e1tico cuenta con la disponibilidad y capacidad demostrada de gesti\u00f3n econ\u00f3mica, inversi\u00f3n y un mercado gigantesco.<\/p>\n\n\n\n<p>\u201cHoy creo que tenemos una econom\u00eda en la direcci\u00f3n correcta. Se abre un enorme mercado para todos los motores de la econom\u00eda, un enorme mercado que est\u00e1 focalizado en impulsar y consolidar la agricultura, pesca, industria, el comercio, turismo, ciencia, tecnolog\u00eda, telecomunicaciones. Debemos ir construyendo la vocaci\u00f3n exportadora de Venezuela\u201d, sentenci\u00f3.<\/p>\n\n\n\n<p><strong>Prensa Presidencial\/Joelin Jim\u00e9nez<\/strong><\/p>\n","protected":false},"excerpt":{"rendered":"<p>Hotel Humboldt, Warairarepano.&#8211; M\u00e1s de 30 empresas venezolanas han realizado las gestiones pertinentes con el prop\u00f3sito de participar en la Feria Internacional de Importaciones, la cual se realizar\u00e1 entre el 5 y 10 de noviembre en la Rep\u00fablica Popular China. As\u00ed lo dio a conocer el Jefe de Estado, Nicol\u00e1s Maduro, durante la reuni\u00f3n con [&hellip;]<\/p>\n","protected":false},"author":6,"featured_media":6904,"comment_status":"open","ping_status":"open","sticky":false,"template":"","format":"standard","meta":{"footnotes":""},"categories":[18,7],"tags":[31,30,21,19,27,20],"class_list":["post-6903","post","type-post","status-publish","format-standard","has-post-thumbnail","hentry","category-noticias-principales","category-notas-de-prensa","tag-china","tag-destacado","tag-economia-venezolana","tag-nicolas-maduro","tag-revolucion-bolivariana","tag-venezuela"],"_links":{"self":[{"href":"https:\/\/prensapresidencialvenezuela.gob.ve\/index.php\/wp-json\/wp\/v2\/posts\/6903","targetHints":{"allow":["GET"]}}],"collection":[{"href":"https:\/\/prensapresidencialvenezuela.gob.ve\/index.php\/wp-json\/wp\/v2\/posts"}],"about":[{"href":"https:\/\/prensapresidencialvenezuela.gob.ve\/index.php\/wp-json\/wp\/v2\/types\/post"}],"author":[{"embeddable":true,"href":"https:\/\/prensapresidencialvenezuela.gob.ve\/index.php\/wp-json\/wp\/v2\/users\/6"}],"replies":[{"embeddable":true,"href":"https:\/\/prensapresidencialvenezuela.gob.ve\/index.php\/wp-json\/wp\/v2\/comments?post=6903"}],"version-history":[{"count":1,"href":"https:\/\/prensapresidencialvenezuela.gob.ve\/index.php\/wp-json\/wp\/v2\/posts\/6903\/revisions"}],"predecessor-version":[{"id":6905,"href":"https:\/\/prensapresidencialvenezuela.gob.ve\/index.php\/wp-json\/wp\/v2\/posts\/6903\/revisions\/6905"}],"wp:featuredmedia":[{"embeddable":true,"href":"https:\/\/prensapresidencialvenezuela.gob.ve\/index.php\/wp-json\/wp\/v2\/media\/6904"}],"wp:attachment":[{"href":"https:\/\/prensapresidencialvenezuela.gob.ve\/index.php\/wp-json\/wp\/v2\/media?parent=6903"}],"wp:term":[{"taxonomy":"category","embeddable":true,"href":"https:\/\/prensapresidencialvenezuela.gob.ve\/index.php\/wp-json\/wp\/v2\/categories?post=6903"},{"taxonomy":"post_tag","embeddable":true,"href":"https:\/\/prensapresidencialvenezuela.gob.ve\/index.php\/wp-json\/wp\/v2\/tags?post=6903"}],"curies":[{"name":"wp","href":"https:\/\/api.w.org\/{rel}","templated":true}]}}