{"id":6934,"date":"2023-09-26T00:20:46","date_gmt":"2023-09-26T00:20:46","guid":{"rendered":"http:\/\/172.27.0.121\/?p=6934"},"modified":"2023-09-26T00:20:46","modified_gmt":"2023-09-26T00:20:46","slug":"maduro-resolucion-de-la-controversia-territorial-sobre-el-esequibo-esta-en-retomar-el-dialogo-cara-a-cara","status":"publish","type":"post","link":"https:\/\/prensapresidencialvenezuela.gob.ve\/index.php\/2023\/09\/26\/maduro-resolucion-de-la-controversia-territorial-sobre-el-esequibo-esta-en-retomar-el-dialogo-cara-a-cara\/","title":{"rendered":"Maduro: Resoluci\u00f3n de la controversia territorial sobre el Esequibo est\u00e1 en retomar el di\u00e1logo cara a cara"},"content":{"rendered":"\n<p><strong>Palacio de Miraflores, Caracas. \u2013<\/strong> Al subrayar que todo lo que se haga por la resoluci\u00f3n de la controversia territorial sobre el Esequibo tiene que ser basada por el consenso y el benepl\u00e1cito de ambos gobiernos, el presidente de la Rep\u00fablica Bolivariana de Venezuela, Nicol\u00e1s Maduro tambi\u00e9n subray\u00f3 que hay \u201cuna sola soluci\u00f3n y es retomar el di\u00e1logo cara a cara, directo en el marco del Acuerdo de Ginebra\u201d.<\/p>\n\n\n\n<p>Apegado al Acuerdo de Ginebra de 1966, el Mandatario venezolano ratific\u00f3 al presidente de Guyana, Irfaan Ali: \u201cYo, Nicol\u00e1s Maduro Moros, presidente de la Rep\u00fablica Bolivariana de Venezuela, a nombre de nuestro pueblo, estoy listo para reunirme con usted muy pronto en el lugar del Caribe que elijamos, para dialogar en el marco del Acuerdo de Ginebra, retomar las negociaciones de paz y que cesen estas amenazas y que cesen estas ilegalidades, a trav\u00e9s del di\u00e1logo resolverlo, a trav\u00e9s de la diplomacia\u201d.<\/p>\n\n\n\n<p>En la edici\u00f3n n\u00famero 18 del programa \u201cCon Maduro +\u201d, desde el Palacio de Miraflores, el jefe de Estado venezolano se\u00f1al\u00f3 que es \u201cla \u00fanica forma presidente\u2026 usted y yo conversamos en Brasilia cuando estuvimos en el encuentro suramericanos que convoc\u00f3 Lula, ya queda en sus manos, usted es un hombre joven, no se deje llevar por el camino equivocado\u201d; pidi\u00f3 el presidente Maduro.<\/p>\n\n\n\n<p>A Irfaan Ali exhort\u00f3 no dejarse llevar por el camino equivocad, porque \u201cjam\u00e1s Venezuela ha amenazado ni amenazar\u00e1 al pueblo de Guyana\u201d, al recordar que Venezuela considera \u201cal pueblo de Guyana un pueblo hermano y a que bastante hemos ayudado, en su momento, en Petrocaribe, antes de que esta instancia unionista fuera destruida por las sanciones criminales de Estados Unidos\u201d.<\/p>\n\n\n\n<p>\u201cVenezuela no es ni ser\u00e1 un pa\u00eds colonialista ni imperialista, ni que busca los recursos ni tierra que no le corresponde\u201d, precis\u00f3 el Dignatario nacional, por lo que invit\u00f3 a su parte de Guyana a aprovechar \u201cel tiempo para la paz y diplomacia\u201d.<\/p>\n\n\n\n<p>\u201cYo le digo al presidente de Caricom : Estoy a la orden para una reuni\u00f3n cara a cara con el presidente de Guyana, en una mesa, con delegados del Caricom, primeros ministros, a conversar con las cartas sobre la mesa\u201d, ocasi\u00f3n para la cual Venezuela est\u00e1 preparada para llevar \u201cuna propuesta clara y directa de paz para avanzar hacia un acuerdo siempre en el marco del Acuerdo de Ginebra de 1966\u201d.<\/p>\n\n\n\n<p><strong>Ordena presentar documentaci\u00f3n frente a amenazas<\/strong><\/p>\n\n\n\n<p>Adem\u00e1s, el presidente Nicol\u00e1s Maduro inform\u00f3 que ha ordenado a la vicepresidenta Ejecutiva, Delcy Rodr\u00edguez; al canciller Yvan Gil y&nbsp; a todo el equipo diplom\u00e1tico de Venezuela, a que de inmediato presenten ante los gobiernos del Caribe, de Am\u00e9rica Latina y del mundo documentaci\u00f3n expresa de los derechos hist\u00f3ricos de Venezuela sobre la Guyana Esequiba, los planes de agresi\u00f3n de la Exxon M\u00f3vil y del Comando Sur, es decir, las amenazas que hay sobre Venezuela.<\/p>\n\n\n\n<p>\u201cSalgamos a defender nuestros derechos (\u2026) Venezuela no se mete en asuntos de controversias lim\u00edtrofes de ning\u00fan pa\u00eds. Eso debe ser resuelto bilateralmente\u201d, acot\u00f3.<\/p>\n\n\n\n<p>Igualmente, desestim\u00f3 la posici\u00f3n asumida por el Subsecretario de Estado del Gobierno de Estados Unidos, Brian Nichols, quien escribi\u00f3 \u2013 cit\u00f3 el jefe de Estado venezolano- \u201cel gobierno de Estados Unidos apoya el derecho de Guyana a desarrollar sus propios recursos naturales\u201d.<\/p>\n\n\n\n<p>Al respecto, el Mandatario venezolano insisti\u00f3 que ya ha sido denunciado suficientemente c\u00f3mo desde Guyana se presta el territorio para amenazar a Venezuela, \u201cson continuas las visitas de los comandantes del Comando Sur\u201d.<\/p>\n\n\n\n<p>\u201cLas pretensiones hoy del imperio estadounidense con el apoyo del gobierno brit\u00e1nico y de los t\u00edteres de la ExxonMobil que gobierna en Guyana son venir por las riquezas del territorio de la Guayana Esequiba\u201d, escenario en el que recalc\u00f3 a los gobernantes del Caribe.<\/p>\n\n\n\n<p>Dijo a los mandatarios del Caribe: \u201cAbran los ojos, frente a la manipulaci\u00f3n, la mentira. Venezuela es el pa\u00eds amenazado, agredido, el pa\u00eds que est\u00e1 pretendiendo despojar, que es v\u00edctima ante el imperio brit\u00e1nico, y ahora de la ExxonMobil del Comando Sur, del imperio estadounidense, y lamentablemente de los gobernantes de Guyana\u201d.<\/p>\n\n\n\n<p>El jefe de Estado venezolano denunci\u00f3 que Guyana ha pretendido tomarse por la fuerza un mar que est\u00e1 en controversia, que no ha sido delimitado de ninguna forma, argumentando que \u201cno hay acuerdo internacional como establece el derecho internacional donde hayamos delimitado entre Guyana y nosotros cual es el mar de ellos y cu\u00e1l es el mar de nosotros, es decir, lo l\u00edmites\u201d.<\/p>\n\n\n\n<p>\u201cNo existe eso, primero estamos resolviendo la controversia del territorio\u201d, dijo, al aclarar que \u201cdespu\u00e9s que resolvamos esa controversia con el Acuerdo de Ginebra, en un acuerdo satisfactorio para ambas partes, despu\u00e9s vendr\u00e1 la delimitaci\u00f3n de los mares\u201d.<\/p>\n\n\n\n<p>Enfatiz\u00f3 que Guyana ha pretendido tomarse los mares a la fuerza, \u201cpor eso Guyana, m\u00e1s que Guyana, La ExxonM\u00f3bil, que ha comprado a todos los pol\u00edticos de la \u00e9lite gobernante de Guyana (\u2026) La ExxonM\u00f3bil y el Comando Sur que se ha convertido Guyana en una base militar de los norteamericanos, pretenden tomarse el mar que le pertenece a Venezuela. Pretenden tomar el mar no delimitado\u201d.<\/p>\n\n\n\n<p><strong>Prensa Presidencial \/ Ana\u00eds P\u00e9rez<\/strong><\/p>\n","protected":false},"excerpt":{"rendered":"<p>Palacio de Miraflores, Caracas. \u2013 Al subrayar que todo lo que se haga por la resoluci\u00f3n de la controversia territorial sobre el Esequibo tiene que ser basada por el consenso y el benepl\u00e1cito de ambos gobiernos, el presidente de la Rep\u00fablica Bolivariana de Venezuela, Nicol\u00e1s Maduro tambi\u00e9n subray\u00f3 que hay \u201cuna sola soluci\u00f3n y es [&hellip;]<\/p>\n","protected":false},"author":6,"featured_media":6935,"comment_status":"open","ping_status":"open","sticky":false,"template":"","format":"standard","meta":{"footnotes":""},"categories":[18,7],"tags":[30,38,19,27,20],"class_list":["post-6934","post","type-post","status-publish","format-standard","has-post-thumbnail","hentry","category-noticias-principales","category-notas-de-prensa","tag-destacado","tag-diplomacia-bolivariana-de-paz","tag-nicolas-maduro","tag-revolucion-bolivariana","tag-venezuela"],"_links":{"self":[{"href":"https:\/\/prensapresidencialvenezuela.gob.ve\/index.php\/wp-json\/wp\/v2\/posts\/6934","targetHints":{"allow":["GET"]}}],"collection":[{"href":"https:\/\/prensapresidencialvenezuela.gob.ve\/index.php\/wp-json\/wp\/v2\/posts"}],"about":[{"href":"https:\/\/prensapresidencialvenezuela.gob.ve\/index.php\/wp-json\/wp\/v2\/types\/post"}],"author":[{"embeddable":true,"href":"https:\/\/prensapresidencialvenezuela.gob.ve\/index.php\/wp-json\/wp\/v2\/users\/6"}],"replies":[{"embeddable":true,"href":"https:\/\/prensapresidencialvenezuela.gob.ve\/index.php\/wp-json\/wp\/v2\/comments?post=6934"}],"version-history":[{"count":1,"href":"https:\/\/prensapresidencialvenezuela.gob.ve\/index.php\/wp-json\/wp\/v2\/posts\/6934\/revisions"}],"predecessor-version":[{"id":6936,"href":"https:\/\/prensapresidencialvenezuela.gob.ve\/index.php\/wp-json\/wp\/v2\/posts\/6934\/revisions\/6936"}],"wp:featuredmedia":[{"embeddable":true,"href":"https:\/\/prensapresidencialvenezuela.gob.ve\/index.php\/wp-json\/wp\/v2\/media\/6935"}],"wp:attachment":[{"href":"https:\/\/prensapresidencialvenezuela.gob.ve\/index.php\/wp-json\/wp\/v2\/media?parent=6934"}],"wp:term":[{"taxonomy":"category","embeddable":true,"href":"https:\/\/prensapresidencialvenezuela.gob.ve\/index.php\/wp-json\/wp\/v2\/categories?post=6934"},{"taxonomy":"post_tag","embeddable":true,"href":"https:\/\/prensapresidencialvenezuela.gob.ve\/index.php\/wp-json\/wp\/v2\/tags?post=6934"}],"curies":[{"name":"wp","href":"https:\/\/api.w.org\/{rel}","templated":true}]}}