{"id":6949,"date":"2023-09-26T02:01:42","date_gmt":"2023-09-26T02:01:42","guid":{"rendered":"http:\/\/172.27.0.121\/?p=6949"},"modified":"2023-09-29T19:04:04","modified_gmt":"2023-09-29T19:04:04","slug":"psuv-movilizo-mas-de-82-000-personas-en-comunidades-del-pais","status":"publish","type":"post","link":"https:\/\/prensapresidencialvenezuela.gob.ve\/index.php\/2023\/09\/26\/psuv-movilizo-mas-de-82-000-personas-en-comunidades-del-pais\/","title":{"rendered":"PSUV moviliz\u00f3 m\u00e1s de 82.000 personas en comunidades del pa\u00eds"},"content":{"rendered":"\n<p><strong>Palacio de Miraflores, Caracas.-<\/strong> En los \u00faltimos ocho d\u00edas se han realizado 50 marchas municipales y se han movilizado 82 mil 68 personas, inform\u00f3 el presidente de la Rep\u00fablica, Nicol\u00e1s Maduro Moros, durante la emisi\u00f3n n\u00famero 18 del programa \u201cCon Maduro +\u201d, donde comparti\u00f3 con l\u00edderes comunitarios de los estados Portuguesa y Lara.&nbsp; &nbsp;<\/p>\n\n\n\n<p>Como parte de las actividades que se realizan en las localidades del pa\u00eds, adem\u00e1s se realizaron 257 sancochos comunitarios con 19 mil 414 participantes y 653 cafecitos militantes, donde participaron 18 mil 288 personas.<\/p>\n\n\n\n<p>Asimismo, se han realizado tres mil 50 actividades con la asistencia de 221 mil 581 militantes.<\/p>\n\n\n\n<p>Las movilizaciones locales que vienen haciendo las fuerzas revolucionarias en todo el territorio nacional son silenciadas por las grandes corporaciones medi\u00e1ticas, denunci\u00f3 el presidente Maduro, al afirmar que el pueblo sigue construyendo fuerza revolucionaria y bolivariana en las calles, cara a cara.&nbsp;&nbsp;&nbsp;&nbsp;<\/p>\n\n\n\n<p><strong>Prensa Presidencial<\/strong><\/p>\n","protected":false},"excerpt":{"rendered":"<p>Palacio de Miraflores, Caracas.- En los \u00faltimos ocho d\u00edas se han realizado 50 marchas municipales y se han movilizado 82 mil 68 personas, inform\u00f3 el presidente de la Rep\u00fablica, Nicol\u00e1s Maduro Moros, durante la emisi\u00f3n n\u00famero 18 del programa \u201cCon Maduro +\u201d, donde comparti\u00f3 con l\u00edderes comunitarios de los estados Portuguesa y Lara.&nbsp; &nbsp; Como [&hellip;]<\/p>\n","protected":false},"author":6,"featured_media":6950,"comment_status":"open","ping_status":"open","sticky":false,"template":"","format":"standard","meta":{"footnotes":""},"categories":[1],"tags":[30],"class_list":["post-6949","post","type-post","status-publish","format-standard","has-post-thumbnail","hentry","category-sin-categoria","tag-destacado"],"_links":{"self":[{"href":"https:\/\/prensapresidencialvenezuela.gob.ve\/index.php\/wp-json\/wp\/v2\/posts\/6949","targetHints":{"allow":["GET"]}}],"collection":[{"href":"https:\/\/prensapresidencialvenezuela.gob.ve\/index.php\/wp-json\/wp\/v2\/posts"}],"about":[{"href":"https:\/\/prensapresidencialvenezuela.gob.ve\/index.php\/wp-json\/wp\/v2\/types\/post"}],"author":[{"embeddable":true,"href":"https:\/\/prensapresidencialvenezuela.gob.ve\/index.php\/wp-json\/wp\/v2\/users\/6"}],"replies":[{"embeddable":true,"href":"https:\/\/prensapresidencialvenezuela.gob.ve\/index.php\/wp-json\/wp\/v2\/comments?post=6949"}],"version-history":[{"count":1,"href":"https:\/\/prensapresidencialvenezuela.gob.ve\/index.php\/wp-json\/wp\/v2\/posts\/6949\/revisions"}],"predecessor-version":[{"id":6951,"href":"https:\/\/prensapresidencialvenezuela.gob.ve\/index.php\/wp-json\/wp\/v2\/posts\/6949\/revisions\/6951"}],"wp:featuredmedia":[{"embeddable":true,"href":"https:\/\/prensapresidencialvenezuela.gob.ve\/index.php\/wp-json\/wp\/v2\/media\/6950"}],"wp:attachment":[{"href":"https:\/\/prensapresidencialvenezuela.gob.ve\/index.php\/wp-json\/wp\/v2\/media?parent=6949"}],"wp:term":[{"taxonomy":"category","embeddable":true,"href":"https:\/\/prensapresidencialvenezuela.gob.ve\/index.php\/wp-json\/wp\/v2\/categories?post=6949"},{"taxonomy":"post_tag","embeddable":true,"href":"https:\/\/prensapresidencialvenezuela.gob.ve\/index.php\/wp-json\/wp\/v2\/tags?post=6949"}],"curies":[{"name":"wp","href":"https:\/\/api.w.org\/{rel}","templated":true}]}}