{"id":6968,"date":"2023-09-27T18:00:00","date_gmt":"2023-09-27T18:00:00","guid":{"rendered":"http:\/\/172.27.0.121\/?p=6968"},"modified":"2023-09-29T19:03:07","modified_gmt":"2023-09-29T19:03:07","slug":"presidente-maduro-se-reune-con-ministro-de-estado-para-asuntos-exteriores-del-estado-de-catar","status":"publish","type":"post","link":"https:\/\/prensapresidencialvenezuela.gob.ve\/index.php\/2023\/09\/27\/presidente-maduro-se-reune-con-ministro-de-estado-para-asuntos-exteriores-del-estado-de-catar\/","title":{"rendered":"Presidente Maduro se re\u00fane con ministro de Estado para Asuntos Exteriores del Estado de Catar"},"content":{"rendered":"\n<p><strong>Poliedro de Caracas, Caracas.-<\/strong> La voluntad de reforzar los v\u00ednculos de cooperaci\u00f3n entre Catar y Venezuela queda patente este mi\u00e9rcoles durante el encuentro que sostienen el presidente de la Rep\u00fablica, Nicol\u00e1s Maduro, y el ministro de Estado para Asuntos Exteriores del Estado de Catar, Soltan bin Saad Al Muraikhi, en el Poliedro de Caracas, ubicado en La Rinconada.\u00a0<\/p>\n\n\n\n<p>El di\u00e1logo que se realiza al t\u00e9rmino de la instalaci\u00f3n de la I Feria Internacional de Telecomunicaciones (Fitelven), permite repasar la actualidad de las relaciones bilaterales, cuyo eje apunta a establecer mecanismos de cooperaci\u00f3n para el desarrollo compartido.\u00a0<\/p>\n\n\n\n<p>La reuni\u00f3n de trabajo cuenta con la participaci\u00f3n del embajador del Estado de Qatar en Venezuela, Rachid Mohsin Fetais, y director interino del Departamento de Asuntos Americanos, Al-Muhannad bin Ali Al-Hammadi.\u00a0Asimismo, en representaci\u00f3n del Gobierno Nacional interviene el canciller de la Rep\u00fablica, Yv\u00e1n Gil.\u00a0<\/p>\n\n\n\n<p>El funcionario qatar\u00ed se encuentra en Venezuela desde este martes 26 de septiembre, cuando arrib\u00f3 al Aeropuerto Internacional Sim\u00f3n Bol\u00edvar de Maiquet\u00eda, en el estado La Guaira, en el contexto de una agenda diplom\u00e1tica destinada a reforzar la cooperaci\u00f3n en \u00e1reas de inter\u00e9s estrat\u00e9gico.\u00a0<\/p>\n\n\n\n<p>Al respecto, se prev\u00e9 que bin Saad Al Muraikhi sostenga reuniones \u00abcon altas autoridades del Gobierno venezolano para afianzar lazos de apoyo mutuo, tras 50 a\u00f1os del establecimiento de las relaciones diplom\u00e1ticas\u00bb, refiere una nota de prensa del Ministerio del Poder Popular para Relaciones Exteriores.\u00a0<\/p>\n\n\n\n<p>Las alianzas entre Doha y Caracas datan del 24 de mayo de 1974, fortaleci\u00e9ndose a partir del a\u00f1o 1999 con la llegada del Comandante Hugo Ch\u00e1vez. Recientemente, las relaciones bilaterales se elevaron a un nuevo nivel de amistad gracias a la visita oficial del Presidente Nicol\u00e1s Maduro al Estado de Catar en junio de 2022, as\u00ed como a la agenda de trabajo que cumpli\u00f3 el entonces viceprimer ministro y ministro de Relaciones Exteriores, Mohammed bin Abdulrahman Al Thani, en Caracas.\u00a0<\/p>\n\n\n\n<p><strong>Prensa Presidencial \/ Karelis Gonz\u00e1lez<\/strong><\/p>\n","protected":false},"excerpt":{"rendered":"<p>Poliedro de Caracas, Caracas.- La voluntad de reforzar los v\u00ednculos de cooperaci\u00f3n entre Catar y Venezuela queda patente este mi\u00e9rcoles durante el encuentro que sostienen el presidente de la Rep\u00fablica, Nicol\u00e1s Maduro, y el ministro de Estado para Asuntos Exteriores del Estado de Catar, Soltan bin Saad Al Muraikhi, en el Poliedro de Caracas, ubicado [&hellip;]<\/p>\n","protected":false},"author":6,"featured_media":6969,"comment_status":"open","ping_status":"open","sticky":false,"template":"","format":"standard","meta":{"footnotes":""},"categories":[18,7],"tags":[30],"class_list":["post-6968","post","type-post","status-publish","format-standard","has-post-thumbnail","hentry","category-noticias-principales","category-notas-de-prensa","tag-destacado"],"_links":{"self":[{"href":"https:\/\/prensapresidencialvenezuela.gob.ve\/index.php\/wp-json\/wp\/v2\/posts\/6968","targetHints":{"allow":["GET"]}}],"collection":[{"href":"https:\/\/prensapresidencialvenezuela.gob.ve\/index.php\/wp-json\/wp\/v2\/posts"}],"about":[{"href":"https:\/\/prensapresidencialvenezuela.gob.ve\/index.php\/wp-json\/wp\/v2\/types\/post"}],"author":[{"embeddable":true,"href":"https:\/\/prensapresidencialvenezuela.gob.ve\/index.php\/wp-json\/wp\/v2\/users\/6"}],"replies":[{"embeddable":true,"href":"https:\/\/prensapresidencialvenezuela.gob.ve\/index.php\/wp-json\/wp\/v2\/comments?post=6968"}],"version-history":[{"count":1,"href":"https:\/\/prensapresidencialvenezuela.gob.ve\/index.php\/wp-json\/wp\/v2\/posts\/6968\/revisions"}],"predecessor-version":[{"id":6970,"href":"https:\/\/prensapresidencialvenezuela.gob.ve\/index.php\/wp-json\/wp\/v2\/posts\/6968\/revisions\/6970"}],"wp:featuredmedia":[{"embeddable":true,"href":"https:\/\/prensapresidencialvenezuela.gob.ve\/index.php\/wp-json\/wp\/v2\/media\/6969"}],"wp:attachment":[{"href":"https:\/\/prensapresidencialvenezuela.gob.ve\/index.php\/wp-json\/wp\/v2\/media?parent=6968"}],"wp:term":[{"taxonomy":"category","embeddable":true,"href":"https:\/\/prensapresidencialvenezuela.gob.ve\/index.php\/wp-json\/wp\/v2\/categories?post=6968"},{"taxonomy":"post_tag","embeddable":true,"href":"https:\/\/prensapresidencialvenezuela.gob.ve\/index.php\/wp-json\/wp\/v2\/tags?post=6968"}],"curies":[{"name":"wp","href":"https:\/\/api.w.org\/{rel}","templated":true}]}}