{"id":6971,"date":"2023-09-28T18:04:00","date_gmt":"2023-09-28T18:04:00","guid":{"rendered":"http:\/\/172.27.0.121\/?p=6971"},"modified":"2023-09-29T18:09:33","modified_gmt":"2023-09-29T18:09:33","slug":"ceofanb-cumple-18-anos-a-la-vanguardia-de-la-defensa-territorial","status":"publish","type":"post","link":"https:\/\/prensapresidencialvenezuela.gob.ve\/index.php\/2023\/09\/28\/ceofanb-cumple-18-anos-a-la-vanguardia-de-la-defensa-territorial\/","title":{"rendered":"CEOFANB cumple 18 a\u00f1os a la vanguardia de la defensa territorial"},"content":{"rendered":"\n<p><strong>Fuerte Tiuna, Caracas.- <\/strong>El car\u00e1cter vanguardista del Comando Estrat\u00e9gico Operacional de la Fuerza Armada Nacional Bolivariana (CEOFANB) en la defensa de la integridad territorial de Venezuela es reivindicado por el presidente de la Rep\u00fablica, Nicol\u00e1s Maduro, quien lidera este jueves el acto de conmemoraci\u00f3n del 18\u00b0 aniversario de su fundaci\u00f3n desde la sede del Ministerio del Poder Popular para la Defensa, ubicado en Caracas.<\/p>\n\n\n\n<p>\u00abMi felicitaci\u00f3n al CEOFANB que llega a 18 a\u00f1os de su fundaci\u00f3n, defendiendo nuestra integridad territorial y garantizando la Paz y seguridad nacional con conciencia y disciplina, guiado por los valores y principios de la nueva doctrina militar bolivariana\u00bb, recalc\u00f3 el 26 de septiembre a trav\u00e9s de su cuenta en la red social X, @NicolasMaduro.<\/p>\n\n\n\n<p>A su llegada, el tambi\u00e9n Comandante en Jefe de la FANB recibe honores correspondientes a su investidura, paso previo a la entrega de 10 condecoraciones Cruz del CEOFANB, en su Primera Clase, a funcionarios destacados en el cumplimiento de su deber en procura de la estabilidad y la paz nacional.<\/p>\n\n\n\n<p>La jornada tambi\u00e9n es propicia para repasar los alcances de la Operaci\u00f3n Escudo Bolivariano y la Operaci\u00f3n Autana 2023, esta \u00faltima condujo al desalojo de m\u00e1s de 14 mil mineros ilegales y destrucci\u00f3n de 27 ciudadelas, as\u00ed como la erradicaci\u00f3n de grupos criminales operantes en el Parque Nacional \u00abCerro Yapacana\u00bb.<\/p>\n\n\n\n<p>Bajo la direcci\u00f3n del M\/G Domingo Hern\u00e1ndez L\u00e1rez, el CEOFANB es garante de la integraci\u00f3n operativa de los componentes y cuerpo especial de apoyo de la FANB mediante acciones de planificaci\u00f3n, programaci\u00f3n, direcci\u00f3n, ejecuci\u00f3n y control estrat\u00e9gico operacional.Su jurisdicci\u00f3n abarca la totalidad del espacio geogr\u00e1fico y las \u00e1reas continentales, acu\u00e1ticas y espaciales, siendo la raz\u00f3n fundamental de su creaci\u00f3n la consolidaci\u00f3n de la doctrina de defensa venezolana.<\/p>\n\n\n\n<p>El CEOFANB que surgi\u00f3 como resultado del proceso de evoluci\u00f3n institucional de las Fuerzas Armadas de Venezuela, comprende 8 Regiones Estrat\u00e9gicas de Defensa Integral (REDI), 28 Zonas Operativas de Defensa Integral (ZODI) y 99 \u00c1reas de Defensa Integral (ADI) en un esfuerzo conjunto de defensa nacional dentro de un espacio geogr\u00e1fico com\u00fan.<\/p>\n\n\n\n<p>A 18 a\u00f1os de su fundaci\u00f3n, ocurrida el 26 de septiembre de 2005, el CEOFANB representa la unificaci\u00f3n de voluntades y la comuni\u00f3n de ideas de la FANB y el pueblo en aras de preservar la soberan\u00eda territorial.<\/p>\n\n\n\n<p>P<strong>rensa Presidencial \/ Karelis Gonz\u00e1lez<\/strong><\/p>\n","protected":false},"excerpt":{"rendered":"<p>Fuerte Tiuna, Caracas.- El car\u00e1cter vanguardista del Comando Estrat\u00e9gico Operacional de la Fuerza Armada Nacional Bolivariana (CEOFANB) en la defensa de la integridad territorial de Venezuela es reivindicado por el presidente de la Rep\u00fablica, Nicol\u00e1s Maduro, quien lidera este jueves el acto de conmemoraci\u00f3n del 18\u00b0 aniversario de su fundaci\u00f3n desde la sede del Ministerio [&hellip;]<\/p>\n","protected":false},"author":6,"featured_media":6972,"comment_status":"open","ping_status":"open","sticky":false,"template":"","format":"standard","meta":{"footnotes":""},"categories":[18,7],"tags":[30],"class_list":["post-6971","post","type-post","status-publish","format-standard","has-post-thumbnail","hentry","category-noticias-principales","category-notas-de-prensa","tag-destacado"],"_links":{"self":[{"href":"https:\/\/prensapresidencialvenezuela.gob.ve\/index.php\/wp-json\/wp\/v2\/posts\/6971","targetHints":{"allow":["GET"]}}],"collection":[{"href":"https:\/\/prensapresidencialvenezuela.gob.ve\/index.php\/wp-json\/wp\/v2\/posts"}],"about":[{"href":"https:\/\/prensapresidencialvenezuela.gob.ve\/index.php\/wp-json\/wp\/v2\/types\/post"}],"author":[{"embeddable":true,"href":"https:\/\/prensapresidencialvenezuela.gob.ve\/index.php\/wp-json\/wp\/v2\/users\/6"}],"replies":[{"embeddable":true,"href":"https:\/\/prensapresidencialvenezuela.gob.ve\/index.php\/wp-json\/wp\/v2\/comments?post=6971"}],"version-history":[{"count":1,"href":"https:\/\/prensapresidencialvenezuela.gob.ve\/index.php\/wp-json\/wp\/v2\/posts\/6971\/revisions"}],"predecessor-version":[{"id":6973,"href":"https:\/\/prensapresidencialvenezuela.gob.ve\/index.php\/wp-json\/wp\/v2\/posts\/6971\/revisions\/6973"}],"wp:featuredmedia":[{"embeddable":true,"href":"https:\/\/prensapresidencialvenezuela.gob.ve\/index.php\/wp-json\/wp\/v2\/media\/6972"}],"wp:attachment":[{"href":"https:\/\/prensapresidencialvenezuela.gob.ve\/index.php\/wp-json\/wp\/v2\/media?parent=6971"}],"wp:term":[{"taxonomy":"category","embeddable":true,"href":"https:\/\/prensapresidencialvenezuela.gob.ve\/index.php\/wp-json\/wp\/v2\/categories?post=6971"},{"taxonomy":"post_tag","embeddable":true,"href":"https:\/\/prensapresidencialvenezuela.gob.ve\/index.php\/wp-json\/wp\/v2\/tags?post=6971"}],"curies":[{"name":"wp","href":"https:\/\/api.w.org\/{rel}","templated":true}]}}