{"id":6998,"date":"2023-10-02T23:16:41","date_gmt":"2023-10-02T23:16:41","guid":{"rendered":"http:\/\/172.27.0.121\/?p=6998"},"modified":"2023-10-02T23:16:41","modified_gmt":"2023-10-02T23:16:41","slug":"presidente-nicolas-maduro-saluda-aprobacion-de-la-ley-de-fomento-de-exportaciones-no-petroleras","status":"publish","type":"post","link":"https:\/\/prensapresidencialvenezuela.gob.ve\/index.php\/2023\/10\/02\/presidente-nicolas-maduro-saluda-aprobacion-de-la-ley-de-fomento-de-exportaciones-no-petroleras\/","title":{"rendered":"Presidente Nicol\u00e1s Maduro saluda aprobaci\u00f3n de la Ley de Fomento de Exportaciones no Petroleras"},"content":{"rendered":"\n<p><strong>Palacio de Miraflores, Caracas.- <\/strong>Al saludar la aprobaci\u00f3n en primera discusi\u00f3n del Proyecto de Ley de Fomento de Exportaciones no Petroleras por parte de la Asamblea Nacional (AN), el presidente de la Rep\u00fablica, Nicol\u00e1s Maduro,enfatiz\u00f3 que marca la ruta del nuevo modelo econ\u00f3mico diversificado, productivo y con vocaci\u00f3n exportadora que va construyendo Venezuela.<\/p>\n\n\n\n<p>Durante la emisi\u00f3n del programa <em>Con Maduro +<\/em>, transmitido a trav\u00e9s de Venezolana de Televisi\u00f3n (VTV), subray\u00f3 que el instrumento legal \u201cnos va a permitir posicionarnos en el crecimiento de la econom\u00eda no petrolera para llevar al mundo los productos venezolanos\u201d.<\/p>\n\n\n\n<p>\u201cVamos por buen camino, estamos del lado correcto de la historia y Venezuela se ir\u00e1 convirtiendo en una potencia exportadora m\u00e1s all\u00e1 del petr\u00f3leo\u201d, recalc\u00f3.<\/p>\n\n\n\n<p>El 21 de septiembre, durante la reuni\u00f3n del Consejo Nacional de Econom\u00eda Productiva, el mandatario venezolano solicit\u00f3 al Parlamento Nacional estudiar, consultar, discutir y aprobar \u201ccon mucha prontitud y calidad\u201d la nueva Ley de Fomento de Exportaciones no Petroleras, que dar\u00e1 paso a \u201cuna revoluci\u00f3n institucional y nos ponga a la altura del siglo XXI para facilitar todas las actividades exportadoras de la econom\u00eda venezolana en la actividad no petrolera\u201d.<\/p>\n\n\n\n<p>En este sentido, en la sesi\u00f3n ordinaria del martes 26 de septiembre, la plenaria de la AN aprob\u00f3 \u2013por unanimidad- la Ley de Exportaciones no Petroleras, cuyo objetivo es establecer y desarrollar mecanismos que faciliten la exportaci\u00f3n de bienes y servicios no petroleros.<\/p>\n\n\n\n<p>La legislaci\u00f3n determina la creaci\u00f3n del Fondo Nacional para la Exportaci\u00f3n, adscrito y administrado por la Agencia de Promoci\u00f3n de Exportaciones. En esencia, est\u00e1 destinada a la promoci\u00f3n del desarrollo arm\u00f3nico de la econom\u00eda nacional en aras de elevar la calidad de vida de la poblaci\u00f3n, generar nuevas fuentes de trabajo y fortalecer la soberan\u00eda econ\u00f3mica.<\/p>\n\n\n\n<p><strong>Prensa Presidencial \/ Karelis Gonz\u00e1lez<\/strong><\/p>\n","protected":false},"excerpt":{"rendered":"<p>Palacio de Miraflores, Caracas.- Al saludar la aprobaci\u00f3n en primera discusi\u00f3n del Proyecto de Ley de Fomento de Exportaciones no Petroleras por parte de la Asamblea Nacional (AN), el presidente de la Rep\u00fablica, Nicol\u00e1s Maduro,enfatiz\u00f3 que marca la ruta del nuevo modelo econ\u00f3mico diversificado, productivo y con vocaci\u00f3n exportadora que va construyendo Venezuela. Durante la [&hellip;]<\/p>\n","protected":false},"author":6,"featured_media":7004,"comment_status":"open","ping_status":"open","sticky":false,"template":"","format":"standard","meta":{"footnotes":""},"categories":[18,7],"tags":[30,21,19,20],"class_list":["post-6998","post","type-post","status-publish","format-standard","has-post-thumbnail","hentry","category-noticias-principales","category-notas-de-prensa","tag-destacado","tag-economia-venezolana","tag-nicolas-maduro","tag-venezuela"],"_links":{"self":[{"href":"https:\/\/prensapresidencialvenezuela.gob.ve\/index.php\/wp-json\/wp\/v2\/posts\/6998","targetHints":{"allow":["GET"]}}],"collection":[{"href":"https:\/\/prensapresidencialvenezuela.gob.ve\/index.php\/wp-json\/wp\/v2\/posts"}],"about":[{"href":"https:\/\/prensapresidencialvenezuela.gob.ve\/index.php\/wp-json\/wp\/v2\/types\/post"}],"author":[{"embeddable":true,"href":"https:\/\/prensapresidencialvenezuela.gob.ve\/index.php\/wp-json\/wp\/v2\/users\/6"}],"replies":[{"embeddable":true,"href":"https:\/\/prensapresidencialvenezuela.gob.ve\/index.php\/wp-json\/wp\/v2\/comments?post=6998"}],"version-history":[{"count":1,"href":"https:\/\/prensapresidencialvenezuela.gob.ve\/index.php\/wp-json\/wp\/v2\/posts\/6998\/revisions"}],"predecessor-version":[{"id":7005,"href":"https:\/\/prensapresidencialvenezuela.gob.ve\/index.php\/wp-json\/wp\/v2\/posts\/6998\/revisions\/7005"}],"wp:featuredmedia":[{"embeddable":true,"href":"https:\/\/prensapresidencialvenezuela.gob.ve\/index.php\/wp-json\/wp\/v2\/media\/7004"}],"wp:attachment":[{"href":"https:\/\/prensapresidencialvenezuela.gob.ve\/index.php\/wp-json\/wp\/v2\/media?parent=6998"}],"wp:term":[{"taxonomy":"category","embeddable":true,"href":"https:\/\/prensapresidencialvenezuela.gob.ve\/index.php\/wp-json\/wp\/v2\/categories?post=6998"},{"taxonomy":"post_tag","embeddable":true,"href":"https:\/\/prensapresidencialvenezuela.gob.ve\/index.php\/wp-json\/wp\/v2\/tags?post=6998"}],"curies":[{"name":"wp","href":"https:\/\/api.w.org\/{rel}","templated":true}]}}