{"id":7029,"date":"2023-10-04T22:16:27","date_gmt":"2023-10-04T22:16:27","guid":{"rendered":"http:\/\/172.27.0.121\/?p=7029"},"modified":"2023-10-04T22:16:27","modified_gmt":"2023-10-04T22:16:27","slug":"presidente-lidera-reunion-de-trabajo-con-el-alto-mando-politico-y-militar-ampliado-de-la-revolucion","status":"publish","type":"post","link":"https:\/\/prensapresidencialvenezuela.gob.ve\/index.php\/2023\/10\/04\/presidente-lidera-reunion-de-trabajo-con-el-alto-mando-politico-y-militar-ampliado-de-la-revolucion\/","title":{"rendered":"Presidente lidera reuni\u00f3n de trabajo con el Alto Mando Pol\u00edtico y Militar Ampliado de la Revoluci\u00f3n"},"content":{"rendered":"\n<p><strong>Palacio de Miraflores, Caracas. \u2013 <\/strong>A prop\u00f3sito de abordar distintos temas en el campo pol\u00edtico, social, econ\u00f3mico, cultural, y otras \u00e1reas estrat\u00e9gicas para la naci\u00f3n, este mi\u00e9rcoles, el presidente de la Rep\u00fablica Bolivariana de Venezuela, Nicol\u00e1s Maduro, dirige desde la Plaza Bicentenariodel Palacio de Mirafloresuna reuni\u00f3n de trabajo con el Alto Mando Pol\u00edtico y Militar Ampliado de la Revoluci\u00f3n.<\/p>\n\n\n\n<p>Uno de los ejes centrales del encuentro ser\u00e1 avaluar c\u00f3mo ha venido marchando la ejecuci\u00f3n de las siete l\u00edneas de trabajo de este a\u00f1o 2023, a saber, la consolidaci\u00f3n del crecimiento econ\u00f3mico con igualdad, la expansi\u00f3n de la protecci\u00f3n social, la ampliaci\u00f3n de la presencia del poder popular, la consolidaci\u00f3n de la seguridad integral de la naci\u00f3n y garant\u00eda de la justicia.<\/p>\n\n\n\n<p>As\u00ed tambi\u00e9n, el encuentro ser\u00e1 escenario para abordar los alcances en funci\u00f3n de la consolidaci\u00f3n y expansi\u00f3n del M\u00e9todo del 1&#215;10 del Buen Gobierno y las Bricomiles, el avance hacia la independencia integral y la descolonizaci\u00f3n de Venezuela, as\u00ed como la consolidaci\u00f3n de la patria grande.<\/p>\n\n\n\n<p>En agosto de este a\u00f1o, el Dignatario venezolano lider\u00f3 una reuni\u00f3n del mismo estilo para la unificaci\u00f3n de criterios, precisi\u00f3n de los planes y construcci\u00f3n de la visi\u00f3n compartida con la Fuerza Armada Nacional Bolivariana (FANB).<\/p>\n\n\n\n<p>Acompa\u00f1an al jefe de Estado venezolano, la Primera Combatiente de la Rep\u00fablica y Diputada a la Asamblea Nacional, Cilia Flores; integrantes del Alto Mando Pol\u00edtico de la Revoluci\u00f3n; el Bur\u00f3 Pol\u00edtico del Partido Socialista Unido de Venezuela (PSUV), &nbsp;Vicepresidentes Sectoriales de Gobierno; Miembros del Gabinete Ejecutivo; Alto Mando Militar de la FANB; Autoridades principales de los Cuerpos de Seguridad del Estado; Gobernadoras y Gobernadores; y Alcaldesas y Alcaldes, as\u00ed como enlaces estadales del PSUV.<\/p>\n\n\n\n<p><strong>Prensa Presidencial \/ Ana\u00eds P\u00e9rez <\/strong><strong><\/strong><\/p>\n","protected":false},"excerpt":{"rendered":"<p>Palacio de Miraflores, Caracas. \u2013 A prop\u00f3sito de abordar distintos temas en el campo pol\u00edtico, social, econ\u00f3mico, cultural, y otras \u00e1reas estrat\u00e9gicas para la naci\u00f3n, este mi\u00e9rcoles, el presidente de la Rep\u00fablica Bolivariana de Venezuela, Nicol\u00e1s Maduro, dirige desde la Plaza Bicentenariodel Palacio de Mirafloresuna reuni\u00f3n de trabajo con el Alto Mando Pol\u00edtico y Militar [&hellip;]<\/p>\n","protected":false},"author":6,"featured_media":7030,"comment_status":"open","ping_status":"open","sticky":false,"template":"","format":"standard","meta":{"footnotes":""},"categories":[18,7],"tags":[30,19,27,20],"class_list":["post-7029","post","type-post","status-publish","format-standard","has-post-thumbnail","hentry","category-noticias-principales","category-notas-de-prensa","tag-destacado","tag-nicolas-maduro","tag-revolucion-bolivariana","tag-venezuela"],"_links":{"self":[{"href":"https:\/\/prensapresidencialvenezuela.gob.ve\/index.php\/wp-json\/wp\/v2\/posts\/7029","targetHints":{"allow":["GET"]}}],"collection":[{"href":"https:\/\/prensapresidencialvenezuela.gob.ve\/index.php\/wp-json\/wp\/v2\/posts"}],"about":[{"href":"https:\/\/prensapresidencialvenezuela.gob.ve\/index.php\/wp-json\/wp\/v2\/types\/post"}],"author":[{"embeddable":true,"href":"https:\/\/prensapresidencialvenezuela.gob.ve\/index.php\/wp-json\/wp\/v2\/users\/6"}],"replies":[{"embeddable":true,"href":"https:\/\/prensapresidencialvenezuela.gob.ve\/index.php\/wp-json\/wp\/v2\/comments?post=7029"}],"version-history":[{"count":1,"href":"https:\/\/prensapresidencialvenezuela.gob.ve\/index.php\/wp-json\/wp\/v2\/posts\/7029\/revisions"}],"predecessor-version":[{"id":7031,"href":"https:\/\/prensapresidencialvenezuela.gob.ve\/index.php\/wp-json\/wp\/v2\/posts\/7029\/revisions\/7031"}],"wp:featuredmedia":[{"embeddable":true,"href":"https:\/\/prensapresidencialvenezuela.gob.ve\/index.php\/wp-json\/wp\/v2\/media\/7030"}],"wp:attachment":[{"href":"https:\/\/prensapresidencialvenezuela.gob.ve\/index.php\/wp-json\/wp\/v2\/media?parent=7029"}],"wp:term":[{"taxonomy":"category","embeddable":true,"href":"https:\/\/prensapresidencialvenezuela.gob.ve\/index.php\/wp-json\/wp\/v2\/categories?post=7029"},{"taxonomy":"post_tag","embeddable":true,"href":"https:\/\/prensapresidencialvenezuela.gob.ve\/index.php\/wp-json\/wp\/v2\/tags?post=7029"}],"curies":[{"name":"wp","href":"https:\/\/api.w.org\/{rel}","templated":true}]}}