{"id":7055,"date":"2023-10-06T21:25:34","date_gmt":"2023-10-06T21:25:34","guid":{"rendered":"http:\/\/172.27.0.121\/?p=7055"},"modified":"2023-10-06T21:25:34","modified_gmt":"2023-10-06T21:25:34","slug":"presidente-recibe-en-miraflores-al-primer-ministro-de-santa-lucia","status":"publish","type":"post","link":"https:\/\/prensapresidencialvenezuela.gob.ve\/index.php\/2023\/10\/06\/presidente-recibe-en-miraflores-al-primer-ministro-de-santa-lucia\/","title":{"rendered":"Presidente recibe en Miraflores al Primer Ministro de Santa Luc\u00eda"},"content":{"rendered":"\n<p><strong>Palacio de Miraflores, Caracas.-<\/strong> El presidente de la Rep\u00fablica Bolivariana de Venezuela, Nicol\u00e1s Maduro, recibi\u00f3 este viernes en el Palacio de Miraflores, al primer ministro de Santa Luc\u00eda, Philip Pierre, quien se encuentra en suelo venezolano en una visita oficial, para afianzar los v\u00ednculos bilaterales de hermandad y fraternidad entre ambos pa\u00edses.<\/p>\n\n\n\n<p>Philip Pierre, quien es l\u00edder del Partido Laborista de la isla del Caribe ha valorado como positivos los distintos mecanismos unionistas en los que Venezuela ha puesto el acento para la uni\u00f3n y beneficio de los pueblos, entre estos, la Alianza Bolivariana para los Pueblos de Nuestra Am\u00e9rica (Alba).<\/p>\n\n\n\n<p>Desde el a\u00f1o 2021, cuando el primer ministro lleg\u00f3 al poder, el pa\u00eds caribe\u00f1o reafirm\u00f3 su intenci\u00f3n de estrechar lazos de amistad y cooperaci\u00f3n con Venezuela, toda vez que la anterior gesti\u00f3n (2016-2021) no otorg\u00f3 durante su gobierno importancia a las relaciones exteriores y se mantuvo en el llamado Grupo de Lima como parte de una pol\u00edtica de ataque sobre Venezuela.<\/p>\n\n\n\n<p>Actualmente, ambos pa\u00edses trabajan en el fortalecimiento de las relaciones diplom\u00e1ticas y de cooperaci\u00f3n mutua, como la han denominado: Una relaci\u00f3n hacia adelante para tener buenos tiempos y buscar el beneficio para la regi\u00f3n.<\/p>\n\n\n\n<p>En agosto de este a\u00f1o, el Ministro de Agricultura, Pesca, Seguridad Alimentaria y Desarrollo Rural de Santa Luc\u00eda; representantes del Ministerio del Poder Popular para la Pesca y Acuicultura de Venezuela; la coordinadora del Despacho para el Caribe de la Canciller\u00eda y la Embajadora de Venezuela en Santa Luc\u00eda, se reunieron de manera virtual con el objetivo de intercambiar informaci\u00f3n e identificar programas de cooperaci\u00f3n en materia de pesca que permitan fortalecer y profundizar las relaciones entre ambos pa\u00edses.<\/p>\n\n\n\n<p>El encuentro fue promovido con el objetivo de dar a conocer la normativa, el funcionamiento y las diferentes pol\u00edticas p\u00fablicas de las instituciones responsables en materia de pesca, con el fin de dise\u00f1ar un Acuerdo de Cooperaci\u00f3n en el contexto de la visita oficial que realiza, en esta ocasi\u00f3n, el primer ministro de Santa Luc\u00eda, Phillip Pierre.<\/p>\n\n\n\n<p>Desde ese momento, las partes propusieron mantener espacios de intercambio con los equipos t\u00e9cnicos a los fines de identificar un plan de acci\u00f3n y propuestas concretas en materia de cooperaci\u00f3n que permita fortalecer la seguridad alimentaria y el comercio internacional de alimentos (en el sector pesquero principalmente), materias primas agr\u00edcolas y pesqueras; y el apoyo a los peque\u00f1os y medianos pescadores.<\/p>\n\n\n\n<p>En ese contexto, la Embajadora venezolana, Leiff Escalona, se comprometi\u00f3 a dar seguimiento y seguir trabajando en conjunto de manera din\u00e1mica, en funci\u00f3n de impulsar y elevar al m\u00e1s alto nivel la cooperaci\u00f3n bilateral.<\/p>\n\n\n\n<p>Philip Joseph Pierre es un economista y pol\u00edtico santalucense que ejerce como primer ministro de Santa Luc\u00eda desde el 28 de julio de 2021. Es l\u00edder del Partido Laborista de Santa Luc\u00eda desde el 18 de junio de 2016.<\/p>\n\n\n\n<p><strong>Prensa Presidencial \/ Anais P\u00e9rez<\/strong><\/p>\n","protected":false},"excerpt":{"rendered":"<p>Palacio de Miraflores, Caracas.- El presidente de la Rep\u00fablica Bolivariana de Venezuela, Nicol\u00e1s Maduro, recibi\u00f3 este viernes en el Palacio de Miraflores, al primer ministro de Santa Luc\u00eda, Philip Pierre, quien se encuentra en suelo venezolano en una visita oficial, para afianzar los v\u00ednculos bilaterales de hermandad y fraternidad entre ambos pa\u00edses. Philip Pierre, quien [&hellip;]<\/p>\n","protected":false},"author":6,"featured_media":7057,"comment_status":"open","ping_status":"open","sticky":false,"template":"","format":"standard","meta":{"footnotes":""},"categories":[18,7],"tags":[30,38,19,27,146,20],"class_list":["post-7055","post","type-post","status-publish","format-standard","has-post-thumbnail","hentry","category-noticias-principales","category-notas-de-prensa","tag-destacado","tag-diplomacia-bolivariana-de-paz","tag-nicolas-maduro","tag-revolucion-bolivariana","tag-santa-lucia","tag-venezuela"],"_links":{"self":[{"href":"https:\/\/prensapresidencialvenezuela.gob.ve\/index.php\/wp-json\/wp\/v2\/posts\/7055","targetHints":{"allow":["GET"]}}],"collection":[{"href":"https:\/\/prensapresidencialvenezuela.gob.ve\/index.php\/wp-json\/wp\/v2\/posts"}],"about":[{"href":"https:\/\/prensapresidencialvenezuela.gob.ve\/index.php\/wp-json\/wp\/v2\/types\/post"}],"author":[{"embeddable":true,"href":"https:\/\/prensapresidencialvenezuela.gob.ve\/index.php\/wp-json\/wp\/v2\/users\/6"}],"replies":[{"embeddable":true,"href":"https:\/\/prensapresidencialvenezuela.gob.ve\/index.php\/wp-json\/wp\/v2\/comments?post=7055"}],"version-history":[{"count":1,"href":"https:\/\/prensapresidencialvenezuela.gob.ve\/index.php\/wp-json\/wp\/v2\/posts\/7055\/revisions"}],"predecessor-version":[{"id":7058,"href":"https:\/\/prensapresidencialvenezuela.gob.ve\/index.php\/wp-json\/wp\/v2\/posts\/7055\/revisions\/7058"}],"wp:featuredmedia":[{"embeddable":true,"href":"https:\/\/prensapresidencialvenezuela.gob.ve\/index.php\/wp-json\/wp\/v2\/media\/7057"}],"wp:attachment":[{"href":"https:\/\/prensapresidencialvenezuela.gob.ve\/index.php\/wp-json\/wp\/v2\/media?parent=7055"}],"wp:term":[{"taxonomy":"category","embeddable":true,"href":"https:\/\/prensapresidencialvenezuela.gob.ve\/index.php\/wp-json\/wp\/v2\/categories?post=7055"},{"taxonomy":"post_tag","embeddable":true,"href":"https:\/\/prensapresidencialvenezuela.gob.ve\/index.php\/wp-json\/wp\/v2\/tags?post=7055"}],"curies":[{"name":"wp","href":"https:\/\/api.w.org\/{rel}","templated":true}]}}