{"id":707,"date":"2022-01-08T16:03:00","date_gmt":"2022-01-08T16:03:00","guid":{"rendered":"http:\/\/172.27.0.121\/?p=707"},"modified":"2022-05-28T16:06:15","modified_gmt":"2022-05-28T16:06:15","slug":"reinicio-de-clases-se-llevara-a-cabo-este-10e","status":"publish","type":"post","link":"https:\/\/prensapresidencialvenezuela.gob.ve\/index.php\/2022\/01\/08\/reinicio-de-clases-se-llevara-a-cabo-este-10e\/","title":{"rendered":"Reinicio de clases se llevar\u00e1 a cabo este 10E"},"content":{"rendered":"\n<p><strong>Palacio de Miraflores, Caracas.-<\/strong> El presidente de la Rep\u00fablica, Nicol\u00e1s Maduro, inform\u00f3 que el reinicio de clases se llevar\u00e1 a cabo el pr\u00f3ximo lunes 10 de enero con todas las medidas de bioseguridad.\u00bb<\/p>\n\n\n\n<p>El lunes 10 de enero todo el estudiantado y todo el magisterio preparado para el reinicio de clases con las medidas de bioseguridad\u00bb, expres\u00f3 el Jefe de Estado a trav\u00e9s de un mensaje difundido a trav\u00e9s de su cuenta oficial en la red social Twitter @NicolasMaduro.<\/p>\n\n\n\n<p>En este contexto, el Mandatario nacional reiter\u00f3 que en el pa\u00eds se lleva a cabo el proceso de vacunaci\u00f3n a partir de los dos a\u00f1os.<\/p>\n\n\n\n<p>Venezuela alcanz\u00f3 el 91% de poblaci\u00f3n inmunizada y el pasado lunes 3 de enero inici\u00f3 el proceso de vacunaci\u00f3n de refuerzo contra la Covid-19.<\/p>\n\n\n\n<p><strong>Prensa Presidencial\/Karla Cotoret<\/strong><\/p>\n","protected":false},"excerpt":{"rendered":"<p>Palacio de Miraflores, Caracas.- El presidente de la Rep\u00fablica, Nicol\u00e1s Maduro, inform\u00f3 que el reinicio de clases se llevar\u00e1 a cabo el pr\u00f3ximo lunes 10 de enero con todas las medidas de bioseguridad.\u00bb El lunes 10 de enero todo el estudiantado y todo el magisterio preparado para el reinicio de clases con las medidas de [&hellip;]<\/p>\n","protected":false},"author":6,"featured_media":704,"comment_status":"open","ping_status":"open","sticky":false,"template":"","format":"standard","meta":{"footnotes":""},"categories":[7],"tags":[],"class_list":["post-707","post","type-post","status-publish","format-standard","has-post-thumbnail","hentry","category-notas-de-prensa"],"_links":{"self":[{"href":"https:\/\/prensapresidencialvenezuela.gob.ve\/index.php\/wp-json\/wp\/v2\/posts\/707","targetHints":{"allow":["GET"]}}],"collection":[{"href":"https:\/\/prensapresidencialvenezuela.gob.ve\/index.php\/wp-json\/wp\/v2\/posts"}],"about":[{"href":"https:\/\/prensapresidencialvenezuela.gob.ve\/index.php\/wp-json\/wp\/v2\/types\/post"}],"author":[{"embeddable":true,"href":"https:\/\/prensapresidencialvenezuela.gob.ve\/index.php\/wp-json\/wp\/v2\/users\/6"}],"replies":[{"embeddable":true,"href":"https:\/\/prensapresidencialvenezuela.gob.ve\/index.php\/wp-json\/wp\/v2\/comments?post=707"}],"version-history":[{"count":1,"href":"https:\/\/prensapresidencialvenezuela.gob.ve\/index.php\/wp-json\/wp\/v2\/posts\/707\/revisions"}],"predecessor-version":[{"id":708,"href":"https:\/\/prensapresidencialvenezuela.gob.ve\/index.php\/wp-json\/wp\/v2\/posts\/707\/revisions\/708"}],"wp:featuredmedia":[{"embeddable":true,"href":"https:\/\/prensapresidencialvenezuela.gob.ve\/index.php\/wp-json\/wp\/v2\/media\/704"}],"wp:attachment":[{"href":"https:\/\/prensapresidencialvenezuela.gob.ve\/index.php\/wp-json\/wp\/v2\/media?parent=707"}],"wp:term":[{"taxonomy":"category","embeddable":true,"href":"https:\/\/prensapresidencialvenezuela.gob.ve\/index.php\/wp-json\/wp\/v2\/categories?post=707"},{"taxonomy":"post_tag","embeddable":true,"href":"https:\/\/prensapresidencialvenezuela.gob.ve\/index.php\/wp-json\/wp\/v2\/tags?post=707"}],"curies":[{"name":"wp","href":"https:\/\/api.w.org\/{rel}","templated":true}]}}