{"id":7081,"date":"2023-10-06T23:37:09","date_gmt":"2023-10-06T23:37:09","guid":{"rendered":"http:\/\/172.27.0.121\/?p=7081"},"modified":"2023-10-06T23:37:09","modified_gmt":"2023-10-06T23:37:09","slug":"venezuela-y-la-confederacion-suiza-fortalecen-agendas-comunes","status":"publish","type":"post","link":"https:\/\/prensapresidencialvenezuela.gob.ve\/index.php\/2023\/10\/06\/venezuela-y-la-confederacion-suiza-fortalecen-agendas-comunes\/","title":{"rendered":"Venezuela y la Confederaci\u00f3n Suiza fortalecen agendas comunes"},"content":{"rendered":"\n<p><strong>Palacio de Miraflores, Caracas.-<\/strong> El embajador de la Confederaci\u00f3n Suiza, Gilles Roduit, entreg\u00f3 cartas credenciales al presidente constitucional de la Rep\u00fablica Bolivariana de Venezuela, Nicol\u00e1s Maduro, este viernes, en el Palacio de Miraflores, con el objeto de seguir fortaleciendo las agendas comunes, en el contexto de la diplomacia de paz.<\/p>\n\n\n\n<p>Roduit naci\u00f3 en 1972, en Grimisuat, en el Cant\u00f3n de Valais, Suiza, con Maestr\u00eda en Relaciones Internacionales, por la Universidad de Ginebra (IUHEID), as\u00ed como una Maestr\u00eda en Estudios Europeos, por la Universidad de Basilea (EuropaInstitut), en el 2000, ingres\u00f3 al Departamento Federal de Asuntos Exteriores.<\/p>\n\n\n\n<p>En el a\u00f1o 2002, fungi\u00f3 como colaborador diplom\u00e1tico para Asuntos Multilaterales, en la Secci\u00f3n Pol\u00edtica de Derechos Humanos, de la Divisi\u00f3n de Paz y Derechos Humanos (DPDH), siendo responsable del grupo de trabajo que llev\u00f3 a la creaci\u00f3n del Consejo de Derechos Humanos de la Organizaci\u00f3n de las Naciones Unidas (ONU).<\/p>\n\n\n\n<p>En 2007, fue designado en Sarajevo (Bosnia y Herzegovina), como Jefe de Misi\u00f3n Adjunto.<\/p>\n\n\n\n<p>Entre 2010 y 2012, fue Coordinador Regional para Ir\u00e1n y los pa\u00edses del Golfo, as\u00ed como Jefe de la Secci\u00f3n de Medio Oriente y \u00c1frica del Norte, en la Divisi\u00f3n de Paz y Derechos Humanos del Ministerio de Asuntos Exteriores de Suiza.<\/p>\n\n\n\n<p>En 2014, fue Jefe de Misi\u00f3n Adjunto en Nueva Delhi, India; en 2017, fungi\u00f3 como Jefe de Misi\u00f3n Adjunto de la Misi\u00f3n de Suiza ante la Uni\u00f3n Europea, en Bruselas.<\/p>\n\n\n\n<p>Entre 2021 y 2023, se desempe\u00f1\u00f3 como Jefe de Divisi\u00f3n Adjunto a.i., en la Divisi\u00f3n de Paz y Derechos Humanos (DPDH) del Ministerio de Asuntos Exteriores de Suiza.<\/p>\n\n\n\n<p>En abril de 2023, fue designado por el gobierno de Suiza como nuevo Embajador Extraordinario y Plenipotenciario ante Venezuela.<\/p>\n\n\n\n<p>En d\u00edas recientes, el afianzamiento de las relaciones de cooperaci\u00f3n en materia de riesgos, entre ambas naciones, qued\u00f3 expresado en una reuni\u00f3n t\u00e9cnica para tratar precisamente la cooperaci\u00f3n entre Venezuela y la Confederaci\u00f3n Suiza, en esta materia.<\/p>\n\n\n\n<p>El encuentro arroj\u00f3 que las partes acordaron dise\u00f1ar un plan de trabajo, con reuniones t\u00e9cnicas peri\u00f3dicas para su implementaci\u00f3n, aprovechando la informaci\u00f3n disponible y la experiencia de ambos pa\u00edses en el \u00e1rea.<\/p>\n\n\n\n<p><strong>Prensa Presidencial\/Anais P\u00e9rez<\/strong><\/p>\n","protected":false},"excerpt":{"rendered":"<p>Palacio de Miraflores, Caracas.- El embajador de la Confederaci\u00f3n Suiza, Gilles Roduit, entreg\u00f3 cartas credenciales al presidente constitucional de la Rep\u00fablica Bolivariana de Venezuela, Nicol\u00e1s Maduro, este viernes, en el Palacio de Miraflores, con el objeto de seguir fortaleciendo las agendas comunes, en el contexto de la diplomacia de paz. Roduit naci\u00f3 en 1972, en [&hellip;]<\/p>\n","protected":false},"author":6,"featured_media":7082,"comment_status":"open","ping_status":"open","sticky":false,"template":"","format":"standard","meta":{"footnotes":""},"categories":[18,7],"tags":[30,38,19,27,147,20],"class_list":["post-7081","post","type-post","status-publish","format-standard","has-post-thumbnail","hentry","category-noticias-principales","category-notas-de-prensa","tag-destacado","tag-diplomacia-bolivariana-de-paz","tag-nicolas-maduro","tag-revolucion-bolivariana","tag-suiza","tag-venezuela"],"_links":{"self":[{"href":"https:\/\/prensapresidencialvenezuela.gob.ve\/index.php\/wp-json\/wp\/v2\/posts\/7081","targetHints":{"allow":["GET"]}}],"collection":[{"href":"https:\/\/prensapresidencialvenezuela.gob.ve\/index.php\/wp-json\/wp\/v2\/posts"}],"about":[{"href":"https:\/\/prensapresidencialvenezuela.gob.ve\/index.php\/wp-json\/wp\/v2\/types\/post"}],"author":[{"embeddable":true,"href":"https:\/\/prensapresidencialvenezuela.gob.ve\/index.php\/wp-json\/wp\/v2\/users\/6"}],"replies":[{"embeddable":true,"href":"https:\/\/prensapresidencialvenezuela.gob.ve\/index.php\/wp-json\/wp\/v2\/comments?post=7081"}],"version-history":[{"count":1,"href":"https:\/\/prensapresidencialvenezuela.gob.ve\/index.php\/wp-json\/wp\/v2\/posts\/7081\/revisions"}],"predecessor-version":[{"id":7083,"href":"https:\/\/prensapresidencialvenezuela.gob.ve\/index.php\/wp-json\/wp\/v2\/posts\/7081\/revisions\/7083"}],"wp:featuredmedia":[{"embeddable":true,"href":"https:\/\/prensapresidencialvenezuela.gob.ve\/index.php\/wp-json\/wp\/v2\/media\/7082"}],"wp:attachment":[{"href":"https:\/\/prensapresidencialvenezuela.gob.ve\/index.php\/wp-json\/wp\/v2\/media?parent=7081"}],"wp:term":[{"taxonomy":"category","embeddable":true,"href":"https:\/\/prensapresidencialvenezuela.gob.ve\/index.php\/wp-json\/wp\/v2\/categories?post=7081"},{"taxonomy":"post_tag","embeddable":true,"href":"https:\/\/prensapresidencialvenezuela.gob.ve\/index.php\/wp-json\/wp\/v2\/tags?post=7081"}],"curies":[{"name":"wp","href":"https:\/\/api.w.org\/{rel}","templated":true}]}}