{"id":709,"date":"2022-01-10T16:06:00","date_gmt":"2022-01-10T16:06:00","guid":{"rendered":"http:\/\/172.27.0.121\/?p=709"},"modified":"2022-05-28T16:10:18","modified_gmt":"2022-05-28T16:10:18","slug":"alba-tcp-consolida-la-cooperacion-y-autodeterminacion-de-los-pueblos-de-america-latina-y-el-caribe","status":"publish","type":"post","link":"https:\/\/prensapresidencialvenezuela.gob.ve\/index.php\/2022\/01\/10\/alba-tcp-consolida-la-cooperacion-y-autodeterminacion-de-los-pueblos-de-america-latina-y-el-caribe\/","title":{"rendered":"ALBA-TCP consolida la cooperaci\u00f3n y autodeterminaci\u00f3n de los pueblos de Am\u00e9rica Latina y El Caribe"},"content":{"rendered":"\n<p><strong>Managua, Nicaragua.-<\/strong> Entre l\u00e1grimas, Aurora P\u00e9rez S\u00e1nchez, cristiana y sandinista, se\u00f1ala la foto colgada en la sala de su casa. En ella, su madre Gregoria S\u00e1nchez L\u00f3pez, manifiesta su apoyo el Comandante Eterno de la Revoluci\u00f3n Bolivariana, Hugo Ch\u00e1vez. Una imagen que qued\u00f3 para la historia y que recorri\u00f3 al mundo por el amor que expresaba.<\/p>\n\n\n\n<p>Fue aquel D\u00eda de la Madre de 2010, cuando S\u00e1nchez L\u00f3pez, fue beneficiada con una de las 42 viviendas del bloque 29, en el Paseo de Bol\u00edvar a Ch\u00e1vez, ubicado en el centro de Managua, mejor conocido como \u201cCasas para el pueblo\u201d, como parte de los convenios establecidos entre Nicaragua y Venezuela, dentro de la Alianza Bolivariana para los Pueblos de Nuestra Am\u00e9rica \u2013 Tratado de Comercio de los Pueblos (ALBA-TCP).<\/p>\n\n\n\n<p>Asimismo, record\u00f3 que antes de la llegada del Frente Sandinista de Liberaci\u00f3n Nacional (FSLN), Nicaragua estaba \u201csumergida en disturbios y masacres que se comet\u00edan con el pueblo\u201d.<\/p>\n\n\n\n<p>Su vecina, Merlyn Pineda, quien manifiesta ser secretaria pol\u00edtica del bloque 29 y miembro de la Unidad en Victoria Electoral (UVE, Hugo Ch\u00e1vez Fr\u00edas, destac\u00f3 el apoyo del Gobierno Bolivariano de Venezuela con Nicaragua, \u201cporque hoy podemos tener una vivienda gracias a los acuerdos establecidos en la ALBA\u201d.<\/p>\n\n\n\n<p>Al respecto, se\u00f1al\u00f3 que en otros gobiernos no exist\u00edan convenios internacionales que favorecieran al pueblo, \u201cni mucho menos obtener una vivienda, porque eso s\u00f3lo era posible a trav\u00e9s de cr\u00e9ditos bancarios que no se pod\u00edan cancelar\u201d.<\/p>\n\n\n\n<p>Por su parte, Juran Jos\u00e9 Membre\u00f1o Chavarr\u00eda, segundo pol\u00edtico, miembro de la comisi\u00f3n de Paz e integrante del sandinismo hist\u00f3rico, agradeci\u00f3 a las autoridades venezolanas y nicarag\u00fcenses por las iniciativas que favorecen al pueblo a trav\u00e9s de la ALBA-TCP.<\/p>\n\n\n\n<p>\u201cLas revoluciones te ense\u00f1an principios, te dan moral, autoridad y sin ellos no hay revoluci\u00f3n, porque la revoluci\u00f3n se forja desde nuestros antepasados\u201d, expres\u00f3 Membre\u00f1o Chavarr\u00eda.<\/p>\n\n\n\n<p>Desde el a\u00f1o 2009, gracias a las pol\u00edticas de car\u00e1cter social, Venezuela a trav\u00e9s de la ALBA-TCP, construy\u00f3 un lote de casas en sectores populares de la naci\u00f3n centroamericana, hist\u00f3ricamente excluidos por gobiernos neoliberales.<\/p>\n\n\n\n<p>Es importante resaltar, que la Alianza Bolivariana para los Pueblos de Nuestra Am\u00e9rica \u2013 Tratado de Comercio de los Pueblos (ALBA-TCP), es una alianza pol\u00edtica, econ\u00f3mica y social en defensa de la independencia, autodeterminaci\u00f3n y la identidad de los pueblos que la integran.<\/p>\n\n\n\n<p>Fue creada el 14 de diciembre de 2004 por un acuerdo firmado entre Venezuela y Cuba, como forma de integraci\u00f3n y uni\u00f3n de Am\u00e9rica Latina y el Caribe.<\/p>\n\n\n\n<p><strong>Prensa Presidencial\/Joelin Jim\u00e9nez<\/strong><\/p>\n","protected":false},"excerpt":{"rendered":"<p>Managua, Nicaragua.- Entre l\u00e1grimas, Aurora P\u00e9rez S\u00e1nchez, cristiana y sandinista, se\u00f1ala la foto colgada en la sala de su casa. En ella, su madre Gregoria S\u00e1nchez L\u00f3pez, manifiesta su apoyo el Comandante Eterno de la Revoluci\u00f3n Bolivariana, Hugo Ch\u00e1vez. Una imagen que qued\u00f3 para la historia y que recorri\u00f3 al mundo por el amor que [&hellip;]<\/p>\n","protected":false},"author":6,"featured_media":710,"comment_status":"open","ping_status":"open","sticky":false,"template":"","format":"standard","meta":{"footnotes":""},"categories":[7],"tags":[],"class_list":["post-709","post","type-post","status-publish","format-standard","has-post-thumbnail","hentry","category-notas-de-prensa"],"_links":{"self":[{"href":"https:\/\/prensapresidencialvenezuela.gob.ve\/index.php\/wp-json\/wp\/v2\/posts\/709","targetHints":{"allow":["GET"]}}],"collection":[{"href":"https:\/\/prensapresidencialvenezuela.gob.ve\/index.php\/wp-json\/wp\/v2\/posts"}],"about":[{"href":"https:\/\/prensapresidencialvenezuela.gob.ve\/index.php\/wp-json\/wp\/v2\/types\/post"}],"author":[{"embeddable":true,"href":"https:\/\/prensapresidencialvenezuela.gob.ve\/index.php\/wp-json\/wp\/v2\/users\/6"}],"replies":[{"embeddable":true,"href":"https:\/\/prensapresidencialvenezuela.gob.ve\/index.php\/wp-json\/wp\/v2\/comments?post=709"}],"version-history":[{"count":2,"href":"https:\/\/prensapresidencialvenezuela.gob.ve\/index.php\/wp-json\/wp\/v2\/posts\/709\/revisions"}],"predecessor-version":[{"id":712,"href":"https:\/\/prensapresidencialvenezuela.gob.ve\/index.php\/wp-json\/wp\/v2\/posts\/709\/revisions\/712"}],"wp:featuredmedia":[{"embeddable":true,"href":"https:\/\/prensapresidencialvenezuela.gob.ve\/index.php\/wp-json\/wp\/v2\/media\/710"}],"wp:attachment":[{"href":"https:\/\/prensapresidencialvenezuela.gob.ve\/index.php\/wp-json\/wp\/v2\/media?parent=709"}],"wp:term":[{"taxonomy":"category","embeddable":true,"href":"https:\/\/prensapresidencialvenezuela.gob.ve\/index.php\/wp-json\/wp\/v2\/categories?post=709"},{"taxonomy":"post_tag","embeddable":true,"href":"https:\/\/prensapresidencialvenezuela.gob.ve\/index.php\/wp-json\/wp\/v2\/tags?post=709"}],"curies":[{"name":"wp","href":"https:\/\/api.w.org\/{rel}","templated":true}]}}