{"id":713,"date":"2022-01-10T16:10:00","date_gmt":"2022-01-10T16:10:00","guid":{"rendered":"http:\/\/172.27.0.121\/?p=713"},"modified":"2022-05-28T16:13:55","modified_gmt":"2022-05-28T16:13:55","slug":"nicaragua-variedad-etnica-coraje-rebeldia-y-resistencia","status":"publish","type":"post","link":"https:\/\/prensapresidencialvenezuela.gob.ve\/index.php\/2022\/01\/10\/nicaragua-variedad-etnica-coraje-rebeldia-y-resistencia\/","title":{"rendered":"Nicaragua: variedad \u00e9tnica, coraje, rebeld\u00eda y resistencia"},"content":{"rendered":"\n<p><strong>Managua, Nicaragua.-<\/strong> La Rep\u00fablica de Nicaragua es&nbsp;la mayor de las naciones&nbsp;centroamericanas, que se encuentra ubicada en el istmo centroamericano, es decir, hemisferio norte americano, lo que la convierte en una naci\u00f3n tropical.<\/p>\n\n\n\n<p>Posee un territorio volc\u00e1nico y&nbsp;poblaci\u00f3n&nbsp;multi\u00e9tnica, producto de las antiguas colonias espa\u00f1olas en el territorio americano.<\/p>\n\n\n\n<p>El nombre del pa\u00eds proviene&nbsp;de los vocablos ind\u00edgenas de la zona, especialmente el Nahua, y se vincula con la tribu de los niquiranos, que se traduce como \u201cEl reino de los que habitan junto a grandes dep\u00f3sitos de&nbsp;agua\u201d.<\/p>\n\n\n\n<p>Originalmente,&nbsp;fue un poblado precolombino&nbsp;que a partir de 1819 fue elevada al nivel de Villa, y m\u00e1s adelante en 1852 al de capital de la Naci\u00f3n. Su estructura de gobierno est\u00e1 basada en la democracia, y el gentilicio de sus habitantes es&nbsp;nicarag\u00fcense.<\/p>\n\n\n\n<p>Durante&nbsp;el desarrollo de los movimientos independentistas del siglo XIX, las cinco provincias que integraban el Reino de Guatemala (una de las cuales era Nicaragua), se independizaron del&nbsp;Imperio Espa\u00f1ol&nbsp;y en 1821 se unen al&nbsp;Primer Imperio Mexicano.<\/p>\n\n\n\n<p>En 1823 se disuelve este \u00faltimo tras la renuncia de Agust\u00edn de Iturbide, por lo que Nicaragua y las otras provincias centroamericanas&nbsp;formaron las Provincias Unidas del Centro de Am\u00e9rica.<\/p>\n\n\n\n<p>Ya en 1824, las mismas se erigen como Rep\u00fablica Federal de Centroam\u00e9rica, en funciones hasta 1839. A partir de all\u00ed Nicaragua inicia la etapa como rep\u00fablica&nbsp;independiente.<\/p>\n\n\n\n<p>Su capital es&nbsp;la ciudad de Managua, ubicada en el occidente del pa\u00eds, en la costa suroeste del&nbsp;lago&nbsp;Xolotl\u00e1n (lago de Managua).<\/p>\n\n\n\n<p>Posee&nbsp;unos 2.2 millones de habitantes&nbsp;tomando en cuenta su \u00e1rea metropolitana, lo que equivale al 24 por ciento de la poblaci\u00f3n del pa\u00eds.<\/p>\n\n\n\n<p>El territorio nicarag\u00fcense&nbsp;abarca m\u00e1s de&nbsp; 129 mil 490 kil\u00f3metros cuadrados, limitando al Norte con Honduras, al Sur con Costa Rica, adem\u00e1s tiene costas del&nbsp;oc\u00e9ano Pac\u00edfico&nbsp;como del Mar Caribe.<\/p>\n\n\n\n<p>Sus principales&nbsp;productos de exportaci\u00f3n provienen de lo agropecuario y la miner\u00eda, principalmente de&nbsp;caf\u00e9&nbsp;verde, tostado y suced\u00e1neos del caf\u00e9, carne vacuna, oro no monetario, crust\u00e1ceos y&nbsp; moluscos, adem\u00e1s de queso y cuajada, entre otros rubros.<\/p>\n\n\n\n<p>El siglo XX&nbsp; fue complicado para Nicaragua, en gran parte debido a intervenciones militares de Estados Unidos para imponer su conveniencia de cara a la inestabilidad pol\u00edtica de la naci\u00f3n.<\/p>\n\n\n\n<p>Su capital es&nbsp;la ciudad de Managua, ubicada en el occidente del pa\u00eds, en la costa suroeste del&nbsp;lago&nbsp;Xolotl\u00e1n (lago de Managua).<\/p>\n\n\n\n<p>Posee&nbsp;unos 2.2 millones de habitantes&nbsp;tomando en cuenta su \u00e1rea metropolitana, lo que equivale al 24 por ciento de la poblaci\u00f3n del pa\u00eds.<\/p>\n\n\n\n<p>El territorio nicarag\u00fcense&nbsp;abarca m\u00e1s de&nbsp; 129 mil 490 kil\u00f3metros cuadrados, limitando al Norte con Honduras, al Sur con Costa Rica, adem\u00e1s tiene costas del&nbsp;oc\u00e9ano Pac\u00edfico&nbsp;como del Mar Caribe.<\/p>\n\n\n\n<p><strong>Cultura multi\u00e9tnica<\/strong><\/p>\n\n\n\n<p>Nicaragua es una naci\u00f3n&nbsp;conocida por su gran n\u00famero de fiestas y celebraciones, de enorme colorido y variedad gastron\u00f3mica y de tradiciones, entre las cuales destacan desfiles, bailes t\u00edpicos y procesiones religiosas, como las fiestas patronales.<\/p>\n\n\n\n<p>Asimismo, destaca por haber dado a la cultura hispanoamericana uno de los grandes representantes de la&nbsp;poes\u00eda, conocido como&nbsp;\u201cel pr\u00edncipe de la poes\u00eda hispanoamericana\u201d&nbsp;o \u201cel padre del modernismo\u201d,&nbsp;Rub\u00e9n Dar\u00edo.<\/p>\n\n\n\n<p><strong>Tierra de lagos y volcanes<\/strong><\/p>\n\n\n\n<p>Nicaragua&nbsp;posee un enorme potencial&nbsp;tur\u00edstico, pues combina las hermosas costas caribe\u00f1as con las tradiciones de los pueblos abor\u00edgenes americanos, y una&nbsp;geograf\u00eda&nbsp;volc\u00e1nica, selv\u00e1tica y costera muy particular.<\/p>\n\n\n\n<p>Posee una cadena de 40 volcanes a lo largo de la costa del Pac\u00edfico. En esta costa, se encuentra el golfo de Fonseca, un puerto natural compartido con Honduras y el Salvador. Al sur tiene la pen\u00ednsula de Cosig\u00fcina, formada con la ceniza, arena y lava del volc\u00e1n del mismo nombre, situado en el extremo.<\/p>\n\n\n\n<p>El idioma oficial es el espa\u00f1ol, pero reconociendo diversas&nbsp;lenguas&nbsp;abor\u00edgenes como el misquito, sumu, garifuna y rama, as\u00ed como el ingl\u00e9s.<\/p>\n\n\n\n<p>Dentro de su gastronom\u00eda, destacan el Natacamal, Quesillo, Pinolillo, la Chicha y su famoso Gallo Pinto&nbsp;Platillo preparado con arroz, frijol rojo y cebolla.<\/p>\n\n\n\n<p>Actualmente, Nicaragua vive la revoluci\u00f3n sandinista, basada en la integraci\u00f3n de los pueblos, la igualdad y justicia social. As\u00ed como tambi\u00e9n los principios de cooperaci\u00f3n internacional y fortalecimiento de los poderes constitucionales otorgados.<\/p>\n\n\n\n<p>Proyectos sociales destacan entre los principales programas que impulsa el gobierno del presidente reelecto Daniel Ortega, quien desde hace m\u00e1s de 14 a\u00f1os impulsa la construcci\u00f3n y consolidaci\u00f3n de de diferentes \u00e1reas econ\u00f3micas, pol\u00edticas, sociales y culturales, pese a las medidas coercitivas unilaterales impuestas por el gobierno estadounidense contra el hermano pueblo.<\/p>\n\n\n\n<p><strong>Prensa Presidencial\/Joelin Jim\u00e9nez<\/strong><\/p>\n","protected":false},"excerpt":{"rendered":"<p>Managua, Nicaragua.- La Rep\u00fablica de Nicaragua es&nbsp;la mayor de las naciones&nbsp;centroamericanas, que se encuentra ubicada en el istmo centroamericano, es decir, hemisferio norte americano, lo que la convierte en una naci\u00f3n tropical. Posee un territorio volc\u00e1nico y&nbsp;poblaci\u00f3n&nbsp;multi\u00e9tnica, producto de las antiguas colonias espa\u00f1olas en el territorio americano. El nombre del pa\u00eds proviene&nbsp;de los vocablos ind\u00edgenas [&hellip;]<\/p>\n","protected":false},"author":6,"featured_media":714,"comment_status":"open","ping_status":"open","sticky":false,"template":"","format":"standard","meta":{"footnotes":""},"categories":[7],"tags":[],"class_list":["post-713","post","type-post","status-publish","format-standard","has-post-thumbnail","hentry","category-notas-de-prensa"],"_links":{"self":[{"href":"https:\/\/prensapresidencialvenezuela.gob.ve\/index.php\/wp-json\/wp\/v2\/posts\/713","targetHints":{"allow":["GET"]}}],"collection":[{"href":"https:\/\/prensapresidencialvenezuela.gob.ve\/index.php\/wp-json\/wp\/v2\/posts"}],"about":[{"href":"https:\/\/prensapresidencialvenezuela.gob.ve\/index.php\/wp-json\/wp\/v2\/types\/post"}],"author":[{"embeddable":true,"href":"https:\/\/prensapresidencialvenezuela.gob.ve\/index.php\/wp-json\/wp\/v2\/users\/6"}],"replies":[{"embeddable":true,"href":"https:\/\/prensapresidencialvenezuela.gob.ve\/index.php\/wp-json\/wp\/v2\/comments?post=713"}],"version-history":[{"count":1,"href":"https:\/\/prensapresidencialvenezuela.gob.ve\/index.php\/wp-json\/wp\/v2\/posts\/713\/revisions"}],"predecessor-version":[{"id":715,"href":"https:\/\/prensapresidencialvenezuela.gob.ve\/index.php\/wp-json\/wp\/v2\/posts\/713\/revisions\/715"}],"wp:featuredmedia":[{"embeddable":true,"href":"https:\/\/prensapresidencialvenezuela.gob.ve\/index.php\/wp-json\/wp\/v2\/media\/714"}],"wp:attachment":[{"href":"https:\/\/prensapresidencialvenezuela.gob.ve\/index.php\/wp-json\/wp\/v2\/media?parent=713"}],"wp:term":[{"taxonomy":"category","embeddable":true,"href":"https:\/\/prensapresidencialvenezuela.gob.ve\/index.php\/wp-json\/wp\/v2\/categories?post=713"},{"taxonomy":"post_tag","embeddable":true,"href":"https:\/\/prensapresidencialvenezuela.gob.ve\/index.php\/wp-json\/wp\/v2\/tags?post=713"}],"curies":[{"name":"wp","href":"https:\/\/api.w.org\/{rel}","templated":true}]}}