{"id":716,"date":"2022-01-10T16:14:00","date_gmt":"2022-01-10T16:14:00","guid":{"rendered":"http:\/\/172.27.0.121\/?p=716"},"modified":"2022-05-28T16:17:09","modified_gmt":"2022-05-28T16:17:09","slug":"venezuela-y-nicaragua-estrechan-lazos-de-cooperacion-internacional","status":"publish","type":"post","link":"https:\/\/prensapresidencialvenezuela.gob.ve\/index.php\/2022\/01\/10\/venezuela-y-nicaragua-estrechan-lazos-de-cooperacion-internacional\/","title":{"rendered":"Venezuela y Nicaragua estrechan lazos de\u00a0 cooperaci\u00f3n internacional"},"content":{"rendered":"\n<p><strong>Managua, Nicaragua.-<\/strong> A lo largo de la historia Venezuela y Nicaragua han suscrito varios convenios de trabajo y desarrollo mutuo desde la llegada del Comandante Eterno Hugo Ch\u00e1vez a la presidencia, las cuales contin\u00faan con el presidente constitucional Nicol\u00e1s Maduro y su hom\u00f3logo nicarag\u00fcense Daniel Ortega Saavedra.<\/p>\n\n\n\n<p>La alianza pol\u00edtica entre ambas naciones se mantiene desde 2007, a\u00f1o en que el presidente Daniel Ortega retorn\u00f3 al poder.<\/p>\n\n\n\n<p>En ese mismo a\u00f1o, la naci\u00f3n centroamericana se adhiri\u00f3 a Alianza Bolivariana para los Pueblos de Nuestra Am\u00e9rica \u2013 Tratado de Comercio de los Pueblos (ALBA-TCP), plataforma de ha servido de bases para las relaciones comerciales, pol\u00edticas, culturales entre ambos pa\u00edses.<\/p>\n\n\n\n<p><strong>D\u00eda de la Amistad entre Nicaragua y Venezuela<\/strong><\/p>\n\n\n\n<p>Las muestras de solidaridad entre ambas naciones no han sido pocas. Muestra de ello, lo constituye la Declaraci\u00f3n por parte de la Asamblea Nacional nicarag\u00fcense, del 15 de mayo como el D\u00eda de la Amistad entre Nicaragua y Venezuela<\/p>\n\n\n\n<p>En este contexto, el Gobierno venezolano ha expresado en los \u00faltimos meses su solidaridad con Nicaragua, ante la aplicaci\u00f3n de medidas coercitivas unilaterales por parte de Estados Unidos y la Uni\u00f3n Europea.<\/p>\n\n\n\n<p>De igual manera, Nicaragua&nbsp;respald\u00f3 al presidente&nbsp;Nicol\u00e1s Maduro&nbsp;durante las&nbsp;protestas en Venezuela de 2014, responsabilizando a la oposici\u00f3n de la violencia, y demostr\u00f3 nuevamente su apoyo durante los actos violentos del a\u00f1o 2017.<\/p>\n\n\n\n<p>Caracas y Managua desarrollan relaciones fraternas de cooperaci\u00f3n, complementariedad, el respeto a la autodeterminaci\u00f3n y la solidaridad entre los pueblos.<\/p>\n\n\n\n<p><strong>Prensa Presidencial\/Joelin Jim\u00e9nez<\/strong><\/p>\n","protected":false},"excerpt":{"rendered":"<p>Managua, Nicaragua.- A lo largo de la historia Venezuela y Nicaragua han suscrito varios convenios de trabajo y desarrollo mutuo desde la llegada del Comandante Eterno Hugo Ch\u00e1vez a la presidencia, las cuales contin\u00faan con el presidente constitucional Nicol\u00e1s Maduro y su hom\u00f3logo nicarag\u00fcense Daniel Ortega Saavedra. La alianza pol\u00edtica entre ambas naciones se mantiene [&hellip;]<\/p>\n","protected":false},"author":6,"featured_media":717,"comment_status":"open","ping_status":"open","sticky":false,"template":"","format":"standard","meta":{"footnotes":""},"categories":[7],"tags":[],"class_list":["post-716","post","type-post","status-publish","format-standard","has-post-thumbnail","hentry","category-notas-de-prensa"],"_links":{"self":[{"href":"https:\/\/prensapresidencialvenezuela.gob.ve\/index.php\/wp-json\/wp\/v2\/posts\/716","targetHints":{"allow":["GET"]}}],"collection":[{"href":"https:\/\/prensapresidencialvenezuela.gob.ve\/index.php\/wp-json\/wp\/v2\/posts"}],"about":[{"href":"https:\/\/prensapresidencialvenezuela.gob.ve\/index.php\/wp-json\/wp\/v2\/types\/post"}],"author":[{"embeddable":true,"href":"https:\/\/prensapresidencialvenezuela.gob.ve\/index.php\/wp-json\/wp\/v2\/users\/6"}],"replies":[{"embeddable":true,"href":"https:\/\/prensapresidencialvenezuela.gob.ve\/index.php\/wp-json\/wp\/v2\/comments?post=716"}],"version-history":[{"count":1,"href":"https:\/\/prensapresidencialvenezuela.gob.ve\/index.php\/wp-json\/wp\/v2\/posts\/716\/revisions"}],"predecessor-version":[{"id":718,"href":"https:\/\/prensapresidencialvenezuela.gob.ve\/index.php\/wp-json\/wp\/v2\/posts\/716\/revisions\/718"}],"wp:featuredmedia":[{"embeddable":true,"href":"https:\/\/prensapresidencialvenezuela.gob.ve\/index.php\/wp-json\/wp\/v2\/media\/717"}],"wp:attachment":[{"href":"https:\/\/prensapresidencialvenezuela.gob.ve\/index.php\/wp-json\/wp\/v2\/media?parent=716"}],"wp:term":[{"taxonomy":"category","embeddable":true,"href":"https:\/\/prensapresidencialvenezuela.gob.ve\/index.php\/wp-json\/wp\/v2\/categories?post=716"},{"taxonomy":"post_tag","embeddable":true,"href":"https:\/\/prensapresidencialvenezuela.gob.ve\/index.php\/wp-json\/wp\/v2\/tags?post=716"}],"curies":[{"name":"wp","href":"https:\/\/api.w.org\/{rel}","templated":true}]}}