{"id":719,"date":"2022-01-10T16:17:00","date_gmt":"2022-01-10T16:17:00","guid":{"rendered":"http:\/\/172.27.0.121\/?p=719"},"modified":"2022-05-28T16:21:01","modified_gmt":"2022-05-28T16:21:01","slug":"fsln-un-partido-nacionalista-y-antiimperialista","status":"publish","type":"post","link":"https:\/\/prensapresidencialvenezuela.gob.ve\/index.php\/2022\/01\/10\/fsln-un-partido-nacionalista-y-antiimperialista\/","title":{"rendered":"FSLN: un partido nacionalista y\u00a0antiimperialista\u00a0"},"content":{"rendered":"\n<p><strong>Managua, Nicaragua.-<\/strong> El Frente Sandinista de Liberaci\u00f3n Nacional&nbsp;(FSLN), es un&nbsp;partido pol\u00edtico&nbsp;de&nbsp;Nicaragua, fundado como una organizaci\u00f3n pol\u00edtica-militar de&nbsp;izquierda&nbsp;en 1961 por Carlos Fonseca Amador,&nbsp; Santos L\u00f3pez,&nbsp; Tom\u00e1s Borge,&nbsp;Silvio Mayorga&nbsp;y&nbsp;Germ\u00e1n Pomares Ord\u00f3\u00f1ez, entre otros.<\/p>\n\n\n\n<p>Su ideolog\u00eda est\u00e1 basada fundamentalmente en el sandinismo democr\u00e1tico y el socialismo del siglo XXI, as\u00ed como tambi\u00e9n el antiimperialismo.<\/p>\n\n\n\n<p>Este partido surgi\u00f3 dentro de la corriente del&nbsp;Movimiento de Liberaci\u00f3n Nacional y se proclam\u00f3 inspirada en el legado nacionalista y&nbsp;antiimperialista&nbsp;de&nbsp;Augusto C\u00e9sar Sandino, del cual surge el nombre de \u201cSandinista\u201d.<\/p>\n\n\n\n<p>Sandino, patriota y m\u00e1rtir nicarag\u00fcense&nbsp; que a inicios del siglo XXI, asumi\u00f3 la guerra de guerrillas para derrotar el intervencionismo estadounidense que se hab\u00eda apostado en Nicaragua, fue la principal fuente de inspiraci\u00f3n del FSLN, que naci\u00f3 como una organizaci\u00f3n pol\u00edtica antiimperialista en 1961 as\u00ed mismo.<\/p>\n\n\n\n<p>Este partido fue creado originalmente como Frente de Liberaci\u00f3n Nacional (FLN), impulsado por la&nbsp;Revoluci\u00f3n Cubana, aunque sus principales integrantes, excepto&nbsp;Santos L\u00f3pez, se identificaron r\u00e1pidamente con una l\u00ednea ideol\u00f3gica&nbsp;marxista-leninista, corriente que se impon\u00eda en los movimientos de izquierda del mundo en aquel momento.<\/p>\n\n\n\n<p>La sistem\u00e1tica violaci\u00f3n de lo derechos humanos, acelera la insurrecci\u00f3n que da paso al 19 de julio de 1979, cuando la Revoluci\u00f3n Popular Sandinista, logra derrocar la dictadura y la dinast\u00eda de Anastasia Somoza, que hab\u00eda gobernado durante d\u00e9cadas bajo las \u00f3rdenes de la Casa Blanca, entre las cuales destaca darle muerte a Augusto C\u00e9sar Sandino en una emboscada en 1934.<\/p>\n\n\n\n<p>Para 1979 y 1990 se establece un gobierno con visi\u00f3n social, que permitir\u00e1 alfabetizar a la naci\u00f3n centroamericana de manera masiva, as\u00ed mismo se inician tareas sociales para mejorar los servicios p\u00fablicos, reformas agrarias, sanidad y la igualdad de g\u00e9nero complementaban la gesti\u00f3n, a pesar del bloqueo econ\u00f3mico que ya presentaba el pa\u00eds.<\/p>\n\n\n\n<p>Para 1984, el FSLN se convierte en partido pol\u00edtico y participa en elecciones libres con Daniel Ortega Saavedra al frente, obteniendo la victoria con el 67 por ciento de los votos.<\/p>\n\n\n\n<p>Despu\u00e9s de 16 a\u00f1os de oposici\u00f3n, abandono social y econ\u00f3mico, Ortega vuelve al poder pol\u00edtico en 2006, con una victoria electoral que lo ha acompa\u00f1ado hasta ahora.<\/p>\n\n\n\n<p>Estos \u00faltimos comicios generales realizados el pasado 07 de noviembre en Nicaragua, representa el triunfo de la revoluci\u00f3n sandinista, que por a\u00f1os ha protegido al pueblo nicarag\u00fcense y enfrenta hist\u00f3ricamente al enemigo de la Casa Blanca, con las banderas de la solidaridad, respeto y autodeterminaci\u00f3n de los pueblos del mundo.<\/p>\n\n\n\n<p><strong>Prensa Presidencial\/Joelin Jim\u00e9nez<\/strong><\/p>\n","protected":false},"excerpt":{"rendered":"<p>Managua, Nicaragua.- El Frente Sandinista de Liberaci\u00f3n Nacional&nbsp;(FSLN), es un&nbsp;partido pol\u00edtico&nbsp;de&nbsp;Nicaragua, fundado como una organizaci\u00f3n pol\u00edtica-militar de&nbsp;izquierda&nbsp;en 1961 por Carlos Fonseca Amador,&nbsp; Santos L\u00f3pez,&nbsp; Tom\u00e1s Borge,&nbsp;Silvio Mayorga&nbsp;y&nbsp;Germ\u00e1n Pomares Ord\u00f3\u00f1ez, entre otros. Su ideolog\u00eda est\u00e1 basada fundamentalmente en el sandinismo democr\u00e1tico y el socialismo del siglo XXI, as\u00ed como tambi\u00e9n el antiimperialismo. Este partido surgi\u00f3 dentro [&hellip;]<\/p>\n","protected":false},"author":6,"featured_media":720,"comment_status":"open","ping_status":"open","sticky":false,"template":"","format":"standard","meta":{"footnotes":""},"categories":[7],"tags":[],"class_list":["post-719","post","type-post","status-publish","format-standard","has-post-thumbnail","hentry","category-notas-de-prensa"],"_links":{"self":[{"href":"https:\/\/prensapresidencialvenezuela.gob.ve\/index.php\/wp-json\/wp\/v2\/posts\/719","targetHints":{"allow":["GET"]}}],"collection":[{"href":"https:\/\/prensapresidencialvenezuela.gob.ve\/index.php\/wp-json\/wp\/v2\/posts"}],"about":[{"href":"https:\/\/prensapresidencialvenezuela.gob.ve\/index.php\/wp-json\/wp\/v2\/types\/post"}],"author":[{"embeddable":true,"href":"https:\/\/prensapresidencialvenezuela.gob.ve\/index.php\/wp-json\/wp\/v2\/users\/6"}],"replies":[{"embeddable":true,"href":"https:\/\/prensapresidencialvenezuela.gob.ve\/index.php\/wp-json\/wp\/v2\/comments?post=719"}],"version-history":[{"count":1,"href":"https:\/\/prensapresidencialvenezuela.gob.ve\/index.php\/wp-json\/wp\/v2\/posts\/719\/revisions"}],"predecessor-version":[{"id":721,"href":"https:\/\/prensapresidencialvenezuela.gob.ve\/index.php\/wp-json\/wp\/v2\/posts\/719\/revisions\/721"}],"wp:featuredmedia":[{"embeddable":true,"href":"https:\/\/prensapresidencialvenezuela.gob.ve\/index.php\/wp-json\/wp\/v2\/media\/720"}],"wp:attachment":[{"href":"https:\/\/prensapresidencialvenezuela.gob.ve\/index.php\/wp-json\/wp\/v2\/media?parent=719"}],"wp:term":[{"taxonomy":"category","embeddable":true,"href":"https:\/\/prensapresidencialvenezuela.gob.ve\/index.php\/wp-json\/wp\/v2\/categories?post=719"},{"taxonomy":"post_tag","embeddable":true,"href":"https:\/\/prensapresidencialvenezuela.gob.ve\/index.php\/wp-json\/wp\/v2\/tags?post=719"}],"curies":[{"name":"wp","href":"https:\/\/api.w.org\/{rel}","templated":true}]}}