{"id":7284,"date":"2023-10-09T13:43:00","date_gmt":"2023-10-09T13:43:00","guid":{"rendered":"http:\/\/172.27.0.121\/?p=7284"},"modified":"2023-10-22T13:52:06","modified_gmt":"2023-10-22T13:52:06","slug":"metodo-de-liderazgo-colectivo-garantiza-triunfo-de-la-ofensiva-bolivariana-para-cerrar-el-2023","status":"publish","type":"post","link":"https:\/\/prensapresidencialvenezuela.gob.ve\/index.php\/2023\/10\/09\/metodo-de-liderazgo-colectivo-garantiza-triunfo-de-la-ofensiva-bolivariana-para-cerrar-el-2023\/","title":{"rendered":"M\u00e9todo de liderazgo colectivo garantiza triunfo de la ofensiva bolivariana para cerrar el 2023"},"content":{"rendered":"\n<p><strong>Palacio de Miraflores, Caracas. \u2013&nbsp;<\/strong>El presidente de la Rep\u00fablica Bolivariana de Venezuela, Nicol\u00e1s Maduro, enfatiz\u00f3 que m\u00e9todo de liderazgo colectivo garantiza triunfo de la ofensiva bolivariana para cerrar el 2023, y que esta t\u00e9cnica es la f\u00f3rmula para que le ha permitido a Venezuela construir victorias en situaciones adversas.<\/p>\n\n\n\n<p>En alusi\u00f3n a la importancia de la reciente Reuni\u00f3n del Alto Mando Pol\u00edtico, Militar, Policial que aglutina al poder civil, pol\u00edtico, popular, militar, policial, para llevar las riendas de la Patria con un m\u00e9todo de liderazgo colectivo, se\u00f1al\u00f3 que la gesti\u00f3n bolivariana va \u201cen la ruta correcta para un trimestre ya de remate en todos los campos\u201d.<\/p>\n\n\n\n<p>\u201cPara eso fue la Reuni\u00f3n del Alto Mando Pol\u00edtico Militar Policial de nuestro pa\u00eds\u201d, subray\u00f3, a la vez que es para afianzar que se deben llevar \u201clas riendas escuchando, debatiendo, concluyendo, accionando, estudiando los temas, siempre estudiando, revisando todos los temas\u201d, manifest\u00f3 en la edici\u00f3n n\u00famero 20 de su programa \u201cCon Maduro +\u201d.<\/p>\n\n\n\n<p>El mi\u00e9rcoles 4 de octubre, el Dignatario nacional lider\u00f3 este encuentro en el que adem\u00e1s participaron gobernadores y gobernadoras revolucionarios, alcaldesas y alcaldes, el Alto Mando Militar, el Estado Mayor Superior, jefe de todas las pol\u00edticas del pa\u00eds, cuerpos de inteligencia, el Consejo de Vicepresidentes de Gobierno, ministros y ministras, el bur\u00f3 pol\u00edtico y el Gran Polo Patri\u00f3tico (GPP).<\/p>\n\n\n\n<p>\u201cAh\u00ed vamos revisando a detalle c\u00f3mo ha sido el a\u00f1o 2023, cu\u00e1les son los planes de remate en ofensiva con la iniciativa en todos los frentes de batalla, Por d\u00f3nde vienen las amenazas, los ataques, los problemas m\u00e1s acuciosos que hay que enfrentar en esta etapa. Ah\u00ed vamos de manera muy cr\u00edtica, autocritica, objetiva, por eso es que nosotros somos muy capaces de construir victorias en situaciones adversas\u201d, explic\u00f3 el presidente Maduro como parte del seguimiento de las pol\u00edticas p\u00fablicas que realiza continuamente junto a su equipo de gobierno.<\/p>\n\n\n\n<p>Ratific\u00f3 la respuesta que en innumerables oportunidades le hacen desde distintos puntos del mundo, acerca de \u00bfC\u00f3mo se construyen victorias en situaciones adversas?<\/p>\n\n\n\n<p>\u201cLes respondo no es Maduro, es un m\u00e9todo de liderazgo colectivo, es un pueblo, es una fuerza integrada, unida (\u2026) es la uni\u00f3n c\u00edvico-militar \u2013 policial profunda, consciente, doctrinaria, espiritual, es la uni\u00f3n que nos permiti\u00f3 pasar la peor de las pruebas hace un poco m\u00e1s de diez a\u00f1os al perder al alma de la Patria, al l\u00edder de todos, el comandante Hugo Rafael Ch\u00e1vez Fr\u00edas\u201d, precis\u00f3.<\/p>\n\n\n\n<p>Aludi\u00f3 que recibir las riendas de la Patria y llevar adelante al pa\u00eds, \u201cahora, en fase de recuperaci\u00f3n progresiva, avanzada y con una estrategia\u201d, est\u00e1 acompa\u00f1ado de \u201cun plan muy claro y con capacidad de acci\u00f3n\u201d.<\/p>\n\n\n\n<p>Argument\u00f3 el Mandatario venezolano que existen capacidad de acci\u00f3n porque \u201ctenemos al pueblo empoderado en las bases, l\u00edderes y lideresas, jefes y jefas en la calle, la comunidad, en la UBCH (Unidades de Batalla Bol\u00edvar \u2013 Ch\u00e1vez), parroquias, municipios, estados, integrados todos los sectores\u201d.<\/p>\n\n\n\n<p>\u201cEl chavismo es el bolivarianismo del siglo XXI, convertido en proyecto humanista, socialista\u201d, reiter\u00f3, en virtud de que \u201cel chavismo es una fuerza en renovaci\u00f3n permanente, una fuerza consolidando sus capacidades de base\u201d.<\/p>\n\n\n\n<p>En ese sentido, manifest\u00f3 su motivaci\u00f3n y convencimiento a partir de esta reuni\u00f3n con el Alto Mando Pol\u00edtico, Militar, Policial. \u201cQued\u00e9 muy motivado y convencido de la victoria de nuestro pueblo en lo que resta del 2023, y en los a\u00f1os que est\u00e1n por venir, porque estamos construyendo fuerza pol\u00edtica, doctrina, estrategia, organizaci\u00f3n y poder popular, para garantizarle a Venezuela la paz, estabilidad, la construcci\u00f3n de un nuevo modelo\u201d.<\/p>\n\n\n\n<p><strong>Prensa Presidencial \/ Ana\u00eds P\u00e9rez<\/strong><\/p>\n","protected":false},"excerpt":{"rendered":"<p>Palacio de Miraflores, Caracas. \u2013&nbsp;El presidente de la Rep\u00fablica Bolivariana de Venezuela, Nicol\u00e1s Maduro, enfatiz\u00f3 que m\u00e9todo de liderazgo colectivo garantiza triunfo de la ofensiva bolivariana para cerrar el 2023, y que esta t\u00e9cnica es la f\u00f3rmula para que le ha permitido a Venezuela construir victorias en situaciones adversas. En alusi\u00f3n a la importancia de [&hellip;]<\/p>\n","protected":false},"author":6,"featured_media":7285,"comment_status":"open","ping_status":"open","sticky":false,"template":"","format":"standard","meta":{"footnotes":""},"categories":[18,7],"tags":[],"class_list":["post-7284","post","type-post","status-publish","format-standard","has-post-thumbnail","hentry","category-noticias-principales","category-notas-de-prensa"],"_links":{"self":[{"href":"https:\/\/prensapresidencialvenezuela.gob.ve\/index.php\/wp-json\/wp\/v2\/posts\/7284","targetHints":{"allow":["GET"]}}],"collection":[{"href":"https:\/\/prensapresidencialvenezuela.gob.ve\/index.php\/wp-json\/wp\/v2\/posts"}],"about":[{"href":"https:\/\/prensapresidencialvenezuela.gob.ve\/index.php\/wp-json\/wp\/v2\/types\/post"}],"author":[{"embeddable":true,"href":"https:\/\/prensapresidencialvenezuela.gob.ve\/index.php\/wp-json\/wp\/v2\/users\/6"}],"replies":[{"embeddable":true,"href":"https:\/\/prensapresidencialvenezuela.gob.ve\/index.php\/wp-json\/wp\/v2\/comments?post=7284"}],"version-history":[{"count":2,"href":"https:\/\/prensapresidencialvenezuela.gob.ve\/index.php\/wp-json\/wp\/v2\/posts\/7284\/revisions"}],"predecessor-version":[{"id":7287,"href":"https:\/\/prensapresidencialvenezuela.gob.ve\/index.php\/wp-json\/wp\/v2\/posts\/7284\/revisions\/7287"}],"wp:featuredmedia":[{"embeddable":true,"href":"https:\/\/prensapresidencialvenezuela.gob.ve\/index.php\/wp-json\/wp\/v2\/media\/7285"}],"wp:attachment":[{"href":"https:\/\/prensapresidencialvenezuela.gob.ve\/index.php\/wp-json\/wp\/v2\/media?parent=7284"}],"wp:term":[{"taxonomy":"category","embeddable":true,"href":"https:\/\/prensapresidencialvenezuela.gob.ve\/index.php\/wp-json\/wp\/v2\/categories?post=7284"},{"taxonomy":"post_tag","embeddable":true,"href":"https:\/\/prensapresidencialvenezuela.gob.ve\/index.php\/wp-json\/wp\/v2\/tags?post=7284"}],"curies":[{"name":"wp","href":"https:\/\/api.w.org\/{rel}","templated":true}]}}