{"id":7288,"date":"2023-10-09T13:55:00","date_gmt":"2023-10-09T13:55:00","guid":{"rendered":"http:\/\/172.27.0.121\/?p=7288"},"modified":"2023-10-22T14:00:42","modified_gmt":"2023-10-22T14:00:42","slug":"presidente-el-caribe-tiene-que-propender-al-desarrollo-colectivo","status":"publish","type":"post","link":"https:\/\/prensapresidencialvenezuela.gob.ve\/index.php\/2023\/10\/09\/presidente-el-caribe-tiene-que-propender-al-desarrollo-colectivo\/","title":{"rendered":"Presidente: El Caribe tiene que propender al desarrollo colectivo"},"content":{"rendered":"\n<p><strong>Palacio de Miraflores, Caracas. \u2013<\/strong>&nbsp;\u201cEl Caribe tiene que estar unido, integrado con una sola estrategia y plan de desarrollo\u201d. Con estas palabras el presidente de la Rep\u00fablica Bolivariana de Venezuela, Nicol\u00e1s Maduro, ratific\u00f3 su llamamiento a que esta regi\u00f3n debe consolidar su acci\u00f3n conjunta.<\/p>\n\n\n\n<p>Convoc\u00f3 a ello al hacer eco de los logros durante la reciente visita oficial que realiz\u00f3 el primer ministro de Santa Lucia, Philip J. Pierre, a suelo venezolano, durante la cual se concretaron tres importantes convenios.<\/p>\n\n\n\n<p>Desde la edici\u00f3n n\u00famero 20 de su programa \u201cCon Maduro +\u201d se\u00f1al\u00f3 que el caribe tiene que ser una zona de paz. \u201cToda Am\u00e9rica Latina y el Caribe, en especial, el Caribe que fue una zona disputada por todos los imperios durante 500 a\u00f1os. Ahora es una zona que tiene que propender a la liberaci\u00f3n, la independencia, la uni\u00f3n y al desarrollo colectivo\u201d.<\/p>\n\n\n\n<p>En otro orden, el jefe de Estado se refiri\u00f3 a los cinco consensos de los venezolanos y las venezolanas, precisando la esencia de cada uno de estos: el primero, la construcci\u00f3n de un nuevo modelo econ\u00f3mico post petrolero; el segundo, la Paz basado en el amor y la tolerancia nacional; el tercero, la condena un\u00e1nime de las sanciones criminales contra nuestro pa\u00eds; el cuarto, la recuperaci\u00f3n del Estado de Bienestar Social del pueblo; y un nuevo y quinto consenso: la uni\u00f3n de las fuerzas morales, espirituales y pol\u00edticas, para la recuperaci\u00f3n de los derechos hist\u00f3ricos, jur\u00eddicos y mar\u00edtimos de la Guayana Esequiba.<\/p>\n\n\n\n<p>Como parte del cuarto consenso, subray\u00f3 el presidente Maduro que ha anunciado recientemente el lanzamiento de tres nuevas misiones: La Misi\u00f3n Venezuela Mujer para atender a las mujeres venezolanas como se merecen; la Misi\u00f3n Juventud Venezuela y la Misi\u00f3n Igualdad y Bienestar del Pueblo, para superar la pobreza y los efectos que tienen las sanciones sobre el pueblo.<\/p>\n\n\n\n<p>El Dignatario nacional en su alocuci\u00f3n tambi\u00e9n se refiri\u00f3 a las batallas que a\u00fan est\u00e1n por darse en el orden diplom\u00e1tico, pol\u00edtico y para que se respete el Acuerdo de Ginebra y en este marco se avance en conversaciones para establecer una soluci\u00f3n satisfactoria a las partes.<\/p>\n\n\n\n<p>Sobre la base del quinto consenso, nuevamente se sum\u00f3 y llam\u00f3 al pueblo a prepararse para el refer\u00e9ndum del Esequibo. \u201cVamos a refer\u00e9ndum este mismo a\u00f1o, todo el mundo preparado, organizado, activado\u201d, puntualiz\u00f3.<\/p>\n\n\n\n<p><strong>Prensa Presidencial \/ Ana\u00eds P\u00e9rez<\/strong><\/p>\n","protected":false},"excerpt":{"rendered":"<p>Palacio de Miraflores, Caracas. \u2013&nbsp;\u201cEl Caribe tiene que estar unido, integrado con una sola estrategia y plan de desarrollo\u201d. Con estas palabras el presidente de la Rep\u00fablica Bolivariana de Venezuela, Nicol\u00e1s Maduro, ratific\u00f3 su llamamiento a que esta regi\u00f3n debe consolidar su acci\u00f3n conjunta. Convoc\u00f3 a ello al hacer eco de los logros durante la [&hellip;]<\/p>\n","protected":false},"author":6,"featured_media":7289,"comment_status":"open","ping_status":"open","sticky":false,"template":"","format":"standard","meta":{"footnotes":""},"categories":[18,7],"tags":[],"class_list":["post-7288","post","type-post","status-publish","format-standard","has-post-thumbnail","hentry","category-noticias-principales","category-notas-de-prensa"],"_links":{"self":[{"href":"https:\/\/prensapresidencialvenezuela.gob.ve\/index.php\/wp-json\/wp\/v2\/posts\/7288","targetHints":{"allow":["GET"]}}],"collection":[{"href":"https:\/\/prensapresidencialvenezuela.gob.ve\/index.php\/wp-json\/wp\/v2\/posts"}],"about":[{"href":"https:\/\/prensapresidencialvenezuela.gob.ve\/index.php\/wp-json\/wp\/v2\/types\/post"}],"author":[{"embeddable":true,"href":"https:\/\/prensapresidencialvenezuela.gob.ve\/index.php\/wp-json\/wp\/v2\/users\/6"}],"replies":[{"embeddable":true,"href":"https:\/\/prensapresidencialvenezuela.gob.ve\/index.php\/wp-json\/wp\/v2\/comments?post=7288"}],"version-history":[{"count":1,"href":"https:\/\/prensapresidencialvenezuela.gob.ve\/index.php\/wp-json\/wp\/v2\/posts\/7288\/revisions"}],"predecessor-version":[{"id":7290,"href":"https:\/\/prensapresidencialvenezuela.gob.ve\/index.php\/wp-json\/wp\/v2\/posts\/7288\/revisions\/7290"}],"wp:featuredmedia":[{"embeddable":true,"href":"https:\/\/prensapresidencialvenezuela.gob.ve\/index.php\/wp-json\/wp\/v2\/media\/7289"}],"wp:attachment":[{"href":"https:\/\/prensapresidencialvenezuela.gob.ve\/index.php\/wp-json\/wp\/v2\/media?parent=7288"}],"wp:term":[{"taxonomy":"category","embeddable":true,"href":"https:\/\/prensapresidencialvenezuela.gob.ve\/index.php\/wp-json\/wp\/v2\/categories?post=7288"},{"taxonomy":"post_tag","embeddable":true,"href":"https:\/\/prensapresidencialvenezuela.gob.ve\/index.php\/wp-json\/wp\/v2\/tags?post=7288"}],"curies":[{"name":"wp","href":"https:\/\/api.w.org\/{rel}","templated":true}]}}