{"id":7301,"date":"2023-10-09T14:56:00","date_gmt":"2023-10-09T14:56:00","guid":{"rendered":"http:\/\/172.27.0.121\/?p=7301"},"modified":"2023-10-22T15:01:38","modified_gmt":"2023-10-22T15:01:38","slug":"presidente-maduro-aboga-por-la-paz-y-el-respeto-a-los-derechos-del-pueblo-palestino","status":"publish","type":"post","link":"https:\/\/prensapresidencialvenezuela.gob.ve\/index.php\/2023\/10\/09\/presidente-maduro-aboga-por-la-paz-y-el-respeto-a-los-derechos-del-pueblo-palestino\/","title":{"rendered":"Presidente Maduro aboga por la paz y el respeto a los derechos del pueblo palestino"},"content":{"rendered":"\n<p><strong>Palacio de Miraflores, Caracas.-<\/strong>&nbsp;El presidente de la Rep\u00fablica Bolivariana de Venezuela, Nicol\u00e1s Maduro, se refiri\u00f3 este lunes a la escalada de violencia que se ha vivido este fin de semana entre israel\u00edes y palestinos en la Franja de Gaza.<\/p>\n\n\n\n<p>\u201cHay quienes salen a opinar a la ligera sobre este conflicto hist\u00f3rico (\u2026) del despojo de la tierra palestina\u201d dijo el Presidente, al afirmar que lo que pasa en esa zona ha sido calificado por las Naciones Unidas y organismos de Derechos Humanos como \u201cel nuevo apartheid\u201d.<\/p>\n\n\n\n<p>Al respecto, Maduro record\u00f3 que la Organizaci\u00f3n de las Naciones Unidas (ONU) en el a\u00f1o 1967 estableci\u00f3 dict\u00e1menes para que se establezcan dos Estados (Palestina e Israel), una decisi\u00f3n de obligatorio cumplimiento que ha sido violada por todos los Gobiernos de Israel.<\/p>\n\n\n\n<p>\u201cLo que est\u00e1 sucediendo en este momento, el inicio de una guerra en escalada peligrosa para la paz y seguridad de todos los pueblos del planeta, es el resultado de la violaci\u00f3n permanente del acuerdo de las Naciones Unidas, de la violaci\u00f3n permanente de los Derechos Humanos del pueblo palestino\u201d, expres\u00f3.<\/p>\n\n\n\n<p>El presidente Maduro hizo un llamado a los cristianos, a los musulmanes y a los jud\u00edos del mundo a exigir el cumplimiento de los acuerdos establecidos en la ONU.<\/p>\n\n\n\n<p>\u201cExijamos un cese al fuego, exijamos el respeto a los derechos de los pueblos y exijamos que se inicien inmediatas negociaciones de paz para restablecer los derechos hist\u00f3ricos a la independencia, al territorio y la paz del pueblo palestino\u201d, enfatiz\u00f3 durante la transmisi\u00f3n del programa \u201cCon Maduro +\u201d.<\/p>\n\n\n\n<p>En esa l\u00ednea el Jefe de Estado venezolano alert\u00f3 sobre la manipulaci\u00f3n que se ha desatado en las Redes Sociales con respecto a este tema y manifest\u00f3 no estar de acuerdo con la violencia. En ese sentido, llam\u00f3 al estudio profundo de la historia del conflicto palestino israel\u00ed.<\/p>\n\n\n\n<p>Asimismo, el Mandatario venezolano ponder\u00f3 que la opini\u00f3n p\u00fablica mundial y las grandes corporaciones medi\u00e1ticas \u2013muchas veces- guardan silencio ante el despojo, la violencia y \u201clas masacres que se comenten contra el pueblo Palestino\u201d.<\/p>\n\n\n\n<p>Hasta el momento 1300 israel\u00edes y palestinos han muerto y m\u00e1s de 5000 han resultado heridos tras un ataque lanzado desde la Franja de Gaza por el grupo palestino Ham\u00e1s y la inmediata respuesta de Israel.<\/p>\n\n\n\n<p><strong>Prensa Presidencial \/ Bianca Borrero<\/strong><\/p>\n","protected":false},"excerpt":{"rendered":"<p>Palacio de Miraflores, Caracas.-&nbsp;El presidente de la Rep\u00fablica Bolivariana de Venezuela, Nicol\u00e1s Maduro, se refiri\u00f3 este lunes a la escalada de violencia que se ha vivido este fin de semana entre israel\u00edes y palestinos en la Franja de Gaza. \u201cHay quienes salen a opinar a la ligera sobre este conflicto hist\u00f3rico (\u2026) del despojo de [&hellip;]<\/p>\n","protected":false},"author":6,"featured_media":7302,"comment_status":"open","ping_status":"open","sticky":false,"template":"","format":"standard","meta":{"footnotes":""},"categories":[18,7],"tags":[],"class_list":["post-7301","post","type-post","status-publish","format-standard","has-post-thumbnail","hentry","category-noticias-principales","category-notas-de-prensa"],"_links":{"self":[{"href":"https:\/\/prensapresidencialvenezuela.gob.ve\/index.php\/wp-json\/wp\/v2\/posts\/7301","targetHints":{"allow":["GET"]}}],"collection":[{"href":"https:\/\/prensapresidencialvenezuela.gob.ve\/index.php\/wp-json\/wp\/v2\/posts"}],"about":[{"href":"https:\/\/prensapresidencialvenezuela.gob.ve\/index.php\/wp-json\/wp\/v2\/types\/post"}],"author":[{"embeddable":true,"href":"https:\/\/prensapresidencialvenezuela.gob.ve\/index.php\/wp-json\/wp\/v2\/users\/6"}],"replies":[{"embeddable":true,"href":"https:\/\/prensapresidencialvenezuela.gob.ve\/index.php\/wp-json\/wp\/v2\/comments?post=7301"}],"version-history":[{"count":1,"href":"https:\/\/prensapresidencialvenezuela.gob.ve\/index.php\/wp-json\/wp\/v2\/posts\/7301\/revisions"}],"predecessor-version":[{"id":7303,"href":"https:\/\/prensapresidencialvenezuela.gob.ve\/index.php\/wp-json\/wp\/v2\/posts\/7301\/revisions\/7303"}],"wp:featuredmedia":[{"embeddable":true,"href":"https:\/\/prensapresidencialvenezuela.gob.ve\/index.php\/wp-json\/wp\/v2\/media\/7302"}],"wp:attachment":[{"href":"https:\/\/prensapresidencialvenezuela.gob.ve\/index.php\/wp-json\/wp\/v2\/media?parent=7301"}],"wp:term":[{"taxonomy":"category","embeddable":true,"href":"https:\/\/prensapresidencialvenezuela.gob.ve\/index.php\/wp-json\/wp\/v2\/categories?post=7301"},{"taxonomy":"post_tag","embeddable":true,"href":"https:\/\/prensapresidencialvenezuela.gob.ve\/index.php\/wp-json\/wp\/v2\/tags?post=7301"}],"curies":[{"name":"wp","href":"https:\/\/api.w.org\/{rel}","templated":true}]}}