{"id":731,"date":"2022-01-10T16:28:00","date_gmt":"2022-01-10T16:28:00","guid":{"rendered":"http:\/\/172.27.0.121\/?p=731"},"modified":"2022-05-28T16:30:30","modified_gmt":"2022-05-28T16:30:30","slug":"presidente-ortega-venezuela-no-es-enemiga-de-estados-unidos","status":"publish","type":"post","link":"https:\/\/prensapresidencialvenezuela.gob.ve\/index.php\/2022\/01\/10\/presidente-ortega-venezuela-no-es-enemiga-de-estados-unidos\/","title":{"rendered":"Presidente Ortega: Venezuela no es enemiga de Estados Unidos"},"content":{"rendered":"\n<p><strong>Managua, Nicaragua.-<\/strong> \u201cNi Nicaragua, ni Venezuela, ni Cuba son enemigas de Estados Unidos\u201d afirm\u00f3 este lunes el presidente de la Rep\u00fablica de Nicaragua, Daniel Ortega, al destacar que la Alianza Bolivariana para los Pueblos de Nuestra Am\u00e9rica \u2013 Tratado de Comercio de los Pueblos (ALBA-TCP) no es una iniciativa pensada para hacerle da\u00f1o a EEUU.<\/p>\n\n\n\n<p>\u201cEl ALBA, bajo la conducci\u00f3n de los comandantes Fidel \u2013Castro- y \u2013Hugo- Ch\u00e1vez no se organiz\u00f3 para promover actos de terrorismo, sino para llevar bienestar, desarrollo y capacidades, para poder vencer la pobreza en los pa\u00edses latinoamericanos y caribe\u00f1os\u201d enfatiz\u00f3.<\/p>\n\n\n\n<p>Durante el acto en el que fue investido como presidente de Nicaragua, Daniel Ortega refiri\u00f3 que una muestra de la solidaridad del pa\u00eds suramericano con el pueblo estadounidense es que \u201cVenezuela, en un acto de nobleza, da energ\u00eda a la gente pobre de los Estados Unidos para que en tiempos de invierno no mueran de frio\u201d.<\/p>\n\n\n\n<p>En ese sentido, rechaz\u00f3 el secuestro y desfalco de los activos venezolanos en el exterior, espec\u00edficamente del grupo de refinadoras de petr\u00f3leo y comercializadora de gasolina, lubricantes y petroqu\u00edmicos venezolana ubicada en los Estados Unidos, CITGO, empresa a trav\u00e9s de la cual se brindaba calefacci\u00f3n a la poblaci\u00f3n vulnerable de EEUU.<\/p>\n\n\n\n<p>En Estados Unidos \u201chay gente que muere de frio, bajo los puentes (\u2026) y lo que es m\u00e1s triste, mueren de dolor\u201d, expres\u00f3.<\/p>\n\n\n\n<p>El l\u00edder sandinista abog\u00f3 por un cambio en EEUU, un pa\u00eds en el que se han resquebrajado los valores, donde abundan enfrentamientos, reclamos y movilizaciones porque en definitiva \u201cEstados Unidos no es el mismo, porque no pueden seguir enga\u00f1ando al pueblo norteamericano\u201d.<\/p>\n\n\n\n<p><strong>Prensa Presidencial\/Bianca Borrero<\/strong><\/p>\n","protected":false},"excerpt":{"rendered":"<p>Managua, Nicaragua.- \u201cNi Nicaragua, ni Venezuela, ni Cuba son enemigas de Estados Unidos\u201d afirm\u00f3 este lunes el presidente de la Rep\u00fablica de Nicaragua, Daniel Ortega, al destacar que la Alianza Bolivariana para los Pueblos de Nuestra Am\u00e9rica \u2013 Tratado de Comercio de los Pueblos (ALBA-TCP) no es una iniciativa pensada para hacerle da\u00f1o a EEUU. [&hellip;]<\/p>\n","protected":false},"author":6,"featured_media":732,"comment_status":"open","ping_status":"open","sticky":false,"template":"","format":"standard","meta":{"footnotes":""},"categories":[7],"tags":[],"class_list":["post-731","post","type-post","status-publish","format-standard","has-post-thumbnail","hentry","category-notas-de-prensa"],"_links":{"self":[{"href":"https:\/\/prensapresidencialvenezuela.gob.ve\/index.php\/wp-json\/wp\/v2\/posts\/731","targetHints":{"allow":["GET"]}}],"collection":[{"href":"https:\/\/prensapresidencialvenezuela.gob.ve\/index.php\/wp-json\/wp\/v2\/posts"}],"about":[{"href":"https:\/\/prensapresidencialvenezuela.gob.ve\/index.php\/wp-json\/wp\/v2\/types\/post"}],"author":[{"embeddable":true,"href":"https:\/\/prensapresidencialvenezuela.gob.ve\/index.php\/wp-json\/wp\/v2\/users\/6"}],"replies":[{"embeddable":true,"href":"https:\/\/prensapresidencialvenezuela.gob.ve\/index.php\/wp-json\/wp\/v2\/comments?post=731"}],"version-history":[{"count":1,"href":"https:\/\/prensapresidencialvenezuela.gob.ve\/index.php\/wp-json\/wp\/v2\/posts\/731\/revisions"}],"predecessor-version":[{"id":733,"href":"https:\/\/prensapresidencialvenezuela.gob.ve\/index.php\/wp-json\/wp\/v2\/posts\/731\/revisions\/733"}],"wp:featuredmedia":[{"embeddable":true,"href":"https:\/\/prensapresidencialvenezuela.gob.ve\/index.php\/wp-json\/wp\/v2\/media\/732"}],"wp:attachment":[{"href":"https:\/\/prensapresidencialvenezuela.gob.ve\/index.php\/wp-json\/wp\/v2\/media?parent=731"}],"wp:term":[{"taxonomy":"category","embeddable":true,"href":"https:\/\/prensapresidencialvenezuela.gob.ve\/index.php\/wp-json\/wp\/v2\/categories?post=731"},{"taxonomy":"post_tag","embeddable":true,"href":"https:\/\/prensapresidencialvenezuela.gob.ve\/index.php\/wp-json\/wp\/v2\/tags?post=731"}],"curies":[{"name":"wp","href":"https:\/\/api.w.org\/{rel}","templated":true}]}}