{"id":7324,"date":"2023-10-12T15:48:00","date_gmt":"2023-10-12T15:48:00","guid":{"rendered":"http:\/\/172.27.0.121\/?p=7324"},"modified":"2023-10-22T15:57:19","modified_gmt":"2023-10-22T15:57:19","slug":"presidente-maduro-clausura-1-encuentro-insurgente-por-la-venezolanidad","status":"publish","type":"post","link":"https:\/\/prensapresidencialvenezuela.gob.ve\/index.php\/2023\/10\/12\/presidente-maduro-clausura-1-encuentro-insurgente-por-la-venezolanidad\/","title":{"rendered":"Presidente Maduro clausura 1\u00b0 Encuentro Insurgente por la Venezolanidad"},"content":{"rendered":"\n<p><strong>Casa Natal del Libertador, Caracas.-&nbsp;<\/strong>En el contexto del D\u00eda de la Resistencia Ind\u00edgena y la Descolonizaci\u00f3n de Am\u00e9rica y en aras de fortalecer el debate pol\u00edtico y las acciones a emprender para superar las ideolog\u00edas del colonialismo, el presidente de la Rep\u00fablica Bolivariana de Venezuela, Nicol\u00e1s Maduro Moros, participa en el acto de clausura del 1\u00b0 Encuentro Insurgente por la Venezolanidad.<\/p>\n\n\n\n<p>Desde la casa natal del Libertador Sim\u00f3n Bol\u00edvar, ubicada en la parroquia Catedral, en Caracas, el Mandatario nacional, recibi\u00f3 las conclusiones del debate de propuestas de voceras y voceros de los pueblos ind\u00edgenas y afrovenezolanos, quienes junto a investigadoras e investigadores, educadoras y educadores, entre otras organizaciones, reconstruyen la verdad y memoria hist\u00f3rica sobre la ocupaci\u00f3n europea durante los siglos XV y XIX.<\/p>\n\n\n\n<p>En este sentido, el Gobierno Bolivariano los d\u00edas 10, 11 y 12 de octubre, reuni\u00f3 a grupos y organizaciones con el prop\u00f3sito de sentar las bases para un espacio de formaci\u00f3n y discusi\u00f3n, a fin de crear una agenda regional e internacional de los Estados y los pueblos del mundo.<\/p>\n\n\n\n<p>Para ello, se establecieron foros y mesas de trabajo, lo que permiti\u00f3 el desarrollo de sesiones formativas en la Escuela Venezolana de Planificaci\u00f3n, ubicada en la Rinconada.<\/p>\n\n\n\n<p><strong>Reinauguraci\u00f3n de la casa natal del Libertador y Museo Bolivariano<\/strong><\/p>\n\n\n\n<p>Con la exposici\u00f3n \u201cBol\u00edvar ra\u00edz de pueblos soberanos\u201d, el Dignatario reinaugur\u00f3 la casa natal del Libertador y Museo Bolivariano, los cuales fueron rehabilitados en 4 y 3 meses, respectivamente.<\/p>\n\n\n\n<p>En este \u00faltimo, se encuentran piezas emblem\u00e1ticas del Libertador, entre las que destacan: el \u00d3leo Bol\u00edvar en 1827, del pintor venezolano, Tito Salas, la r\u00e9plica de la Espada Sol del Per\u00fa, textiles de caballer\u00eda, zapatillas de cuero y vestimentas que pertenecieron al Libertador Sim\u00f3n Bol\u00edvar, entre otros objetos de valor hist\u00f3rico.<\/p>\n\n\n\n<p>Asimismo, los visitantes pueden apreciar la urna de plomo elaborada durante la exhumaci\u00f3n de los restos del Libertador, la cual fue realizada por el doctor Jos\u00e9 Mar\u00eda Vargas.<\/p>\n\n\n\n<p>Por su parte, la casa del Libertador fue construida a mediados del siglo XVII y pertenec\u00eda a la familia de la madre de Juan Vicente de Bol\u00edvar y Ponte. En ella creci\u00f3 el Ni\u00f1o Sim\u00f3n y vivi\u00f3 hasta los nueve a\u00f1os de edad. En 1912 fue decretada como Monumento Hist\u00f3rico Nacional.<\/p>\n\n\n\n<p>Entre las piezas emblem\u00e1ticas que se encuentran en la casa est\u00e1n: los \u00d3leos de Tito Salas (Apoteosis del Libertador, Batalla de Araure del 5 de diciembre de 1813, Toma de las Flecheras, Mi Delirio sobre el Chimborazo, Terremoto de 1812), entre otros.<\/p>\n\n\n\n<p>La Casa Natal del Libertador y el Museo Bolivariano, son espacios para la educaci\u00f3n y preservaci\u00f3n del patrimonio cultural del pa\u00eds, es por ello que, las reparaciones que se realizaron a ambos espacios marcan un hito en el rescate de la memoria hist\u00f3rica, ya que permite que nueve salas de exposici\u00f3n se conviertan en espacios de estrategias pedag\u00f3gicas, para facilitar a los usuarios y usuarias la compresi\u00f3n de los temas que aborda cada etapa de la historia, promueve la concientizaci\u00f3n, adem\u00e1s del resguardo del legado material e inmaterial asociado al pensamiento bolivariano y al proceso de independencia.<\/p>\n\n\n\n<p>En esta actividad acompa\u00f1an al Jefe de Estado, Clara Vidal, ministra del Poder Popular para los Pueblos Ind\u00edgenas, Ernesto Villegas Poljak, presidente de la Comisi\u00f3n para el Esclarecimiento de la Verdad Hist\u00f3rica, Justicia y Reparaci\u00f3n sobre el Dominio Colonial y sus Consecuencias en Venezuela, autoridades e invitados especiales.<\/p>\n\n\n\n<p><strong>Prensa Presidencial \/ Joelin Jim\u00e9nez<\/strong><\/p>\n","protected":false},"excerpt":{"rendered":"<p>Casa Natal del Libertador, Caracas.-&nbsp;En el contexto del D\u00eda de la Resistencia Ind\u00edgena y la Descolonizaci\u00f3n de Am\u00e9rica y en aras de fortalecer el debate pol\u00edtico y las acciones a emprender para superar las ideolog\u00edas del colonialismo, el presidente de la Rep\u00fablica Bolivariana de Venezuela, Nicol\u00e1s Maduro Moros, participa en el acto de clausura del [&hellip;]<\/p>\n","protected":false},"author":6,"featured_media":7325,"comment_status":"open","ping_status":"open","sticky":false,"template":"","format":"standard","meta":{"footnotes":""},"categories":[18,7],"tags":[],"class_list":["post-7324","post","type-post","status-publish","format-standard","has-post-thumbnail","hentry","category-noticias-principales","category-notas-de-prensa"],"_links":{"self":[{"href":"https:\/\/prensapresidencialvenezuela.gob.ve\/index.php\/wp-json\/wp\/v2\/posts\/7324","targetHints":{"allow":["GET"]}}],"collection":[{"href":"https:\/\/prensapresidencialvenezuela.gob.ve\/index.php\/wp-json\/wp\/v2\/posts"}],"about":[{"href":"https:\/\/prensapresidencialvenezuela.gob.ve\/index.php\/wp-json\/wp\/v2\/types\/post"}],"author":[{"embeddable":true,"href":"https:\/\/prensapresidencialvenezuela.gob.ve\/index.php\/wp-json\/wp\/v2\/users\/6"}],"replies":[{"embeddable":true,"href":"https:\/\/prensapresidencialvenezuela.gob.ve\/index.php\/wp-json\/wp\/v2\/comments?post=7324"}],"version-history":[{"count":1,"href":"https:\/\/prensapresidencialvenezuela.gob.ve\/index.php\/wp-json\/wp\/v2\/posts\/7324\/revisions"}],"predecessor-version":[{"id":7326,"href":"https:\/\/prensapresidencialvenezuela.gob.ve\/index.php\/wp-json\/wp\/v2\/posts\/7324\/revisions\/7326"}],"wp:featuredmedia":[{"embeddable":true,"href":"https:\/\/prensapresidencialvenezuela.gob.ve\/index.php\/wp-json\/wp\/v2\/media\/7325"}],"wp:attachment":[{"href":"https:\/\/prensapresidencialvenezuela.gob.ve\/index.php\/wp-json\/wp\/v2\/media?parent=7324"}],"wp:term":[{"taxonomy":"category","embeddable":true,"href":"https:\/\/prensapresidencialvenezuela.gob.ve\/index.php\/wp-json\/wp\/v2\/categories?post=7324"},{"taxonomy":"post_tag","embeddable":true,"href":"https:\/\/prensapresidencialvenezuela.gob.ve\/index.php\/wp-json\/wp\/v2\/tags?post=7324"}],"curies":[{"name":"wp","href":"https:\/\/api.w.org\/{rel}","templated":true}]}}