{"id":7353,"date":"2023-10-16T17:27:00","date_gmt":"2023-10-16T17:27:00","guid":{"rendered":"http:\/\/172.27.0.121\/?p=7353"},"modified":"2023-10-22T17:55:58","modified_gmt":"2023-10-22T17:55:58","slug":"economia-venezolana-preve-crecimiento-por-encima-del-5-al-cierre-de-2023","status":"publish","type":"post","link":"https:\/\/prensapresidencialvenezuela.gob.ve\/index.php\/2023\/10\/16\/economia-venezolana-preve-crecimiento-por-encima-del-5-al-cierre-de-2023\/","title":{"rendered":"Econom\u00eda venezolana prev\u00e9 crecimiento por encima del 5% al cierre de 2023"},"content":{"rendered":"\n<p><strong>Palacio de Miraflores, Caracas.-&nbsp;<\/strong>Al aseverar que la econom\u00eda venezolana ha crecido en los \u00faltimos seis trimestres dejando atr\u00e1s una tendencia negativa, el presidente de la Rep\u00fablica, Nicol\u00e1s Maduro Moros, asegur\u00f3 que seg\u00fan informe del Fondo Monetario Internacional (FMI) y la Comisi\u00f3n Econ\u00f3mica para Am\u00e9rica Latina y el Caribe (CEPAL), se prev\u00e9 que la econom\u00eda registre un crecimiento del 5% al cierre del a\u00f1o.<\/p>\n\n\n\n<p>\u201cEstamos en la etapa para un remate exitoso en todo el proceso de crecimiento comercial, econ\u00f3mico y de consolidaci\u00f3n de una econom\u00eda real verdadera y no petrolera (\u2026) pudi\u00e9ramos subir por encima del cinco por ciento del crecimiento\u201d, expres\u00f3 el Mandatario durante la emisi\u00f3n N\u00b0 21 del programa&nbsp;<em>\u201cCon Maduro +\u201d.<\/em><\/p>\n\n\n\n<p>En este sentido, insisti\u00f3 en apuntar hacia la consolidaci\u00f3n de los 18 motores de la Agenda Econ\u00f3mica Bolivariana y de los distintos sectores como el agr\u00edcola, agroindustrial, tur\u00edstico, petroqu\u00edmico, comercial, bancario y financiero.<\/p>\n\n\n\n<p>\u201cTenemos la agenda clara, un plan econ\u00f3mico claro, la experiencia, el conocimiento con esfuerzo propio. Lo estamos haciendo orgullosamente con la nueva identidad de lo afirmativo venezolano. Vamos a ir logrando cada vez m\u00e1s de manera independiente\u201d, puntualiz\u00f3.<\/p>\n\n\n\n<p>Al respecto, exhort\u00f3 a los distintos sectores econ\u00f3micos a sumar esfuerzos para \u201crematar el a\u00f1o de manera exitosa\u201d.<\/p>\n\n\n\n<p><strong>Prensa Presidencial\/Joelin Jim\u00e9nez<\/strong><\/p>\n","protected":false},"excerpt":{"rendered":"<p>Palacio de Miraflores, Caracas.-&nbsp;Al aseverar que la econom\u00eda venezolana ha crecido en los \u00faltimos seis trimestres dejando atr\u00e1s una tendencia negativa, el presidente de la Rep\u00fablica, Nicol\u00e1s Maduro Moros, asegur\u00f3 que seg\u00fan informe del Fondo Monetario Internacional (FMI) y la Comisi\u00f3n Econ\u00f3mica para Am\u00e9rica Latina y el Caribe (CEPAL), se prev\u00e9 que la econom\u00eda registre [&hellip;]<\/p>\n","protected":false},"author":6,"featured_media":7354,"comment_status":"open","ping_status":"open","sticky":false,"template":"","format":"standard","meta":{"footnotes":""},"categories":[18,7],"tags":[],"class_list":["post-7353","post","type-post","status-publish","format-standard","has-post-thumbnail","hentry","category-noticias-principales","category-notas-de-prensa"],"_links":{"self":[{"href":"https:\/\/prensapresidencialvenezuela.gob.ve\/index.php\/wp-json\/wp\/v2\/posts\/7353","targetHints":{"allow":["GET"]}}],"collection":[{"href":"https:\/\/prensapresidencialvenezuela.gob.ve\/index.php\/wp-json\/wp\/v2\/posts"}],"about":[{"href":"https:\/\/prensapresidencialvenezuela.gob.ve\/index.php\/wp-json\/wp\/v2\/types\/post"}],"author":[{"embeddable":true,"href":"https:\/\/prensapresidencialvenezuela.gob.ve\/index.php\/wp-json\/wp\/v2\/users\/6"}],"replies":[{"embeddable":true,"href":"https:\/\/prensapresidencialvenezuela.gob.ve\/index.php\/wp-json\/wp\/v2\/comments?post=7353"}],"version-history":[{"count":1,"href":"https:\/\/prensapresidencialvenezuela.gob.ve\/index.php\/wp-json\/wp\/v2\/posts\/7353\/revisions"}],"predecessor-version":[{"id":7355,"href":"https:\/\/prensapresidencialvenezuela.gob.ve\/index.php\/wp-json\/wp\/v2\/posts\/7353\/revisions\/7355"}],"wp:featuredmedia":[{"embeddable":true,"href":"https:\/\/prensapresidencialvenezuela.gob.ve\/index.php\/wp-json\/wp\/v2\/media\/7354"}],"wp:attachment":[{"href":"https:\/\/prensapresidencialvenezuela.gob.ve\/index.php\/wp-json\/wp\/v2\/media?parent=7353"}],"wp:term":[{"taxonomy":"category","embeddable":true,"href":"https:\/\/prensapresidencialvenezuela.gob.ve\/index.php\/wp-json\/wp\/v2\/categories?post=7353"},{"taxonomy":"post_tag","embeddable":true,"href":"https:\/\/prensapresidencialvenezuela.gob.ve\/index.php\/wp-json\/wp\/v2\/tags?post=7353"}],"curies":[{"name":"wp","href":"https:\/\/api.w.org\/{rel}","templated":true}]}}