{"id":7381,"date":"2023-10-16T18:47:00","date_gmt":"2023-10-16T18:47:00","guid":{"rendered":"http:\/\/172.27.0.121\/?p=7381"},"modified":"2023-10-22T18:52:42","modified_gmt":"2023-10-22T18:52:42","slug":"brasilia-y-caracas-acuerdan-elevar-comercio-y-cooperacion-energetica","status":"publish","type":"post","link":"https:\/\/prensapresidencialvenezuela.gob.ve\/index.php\/2023\/10\/16\/brasilia-y-caracas-acuerdan-elevar-comercio-y-cooperacion-energetica\/","title":{"rendered":"Brasilia y Caracas acuerdan elevar comercio y cooperaci\u00f3n energ\u00e9tica"},"content":{"rendered":"\n<p><strong>Palacio de Miraflores, Caracas.-&nbsp;<\/strong>El di\u00e1logo sostenido entre los presidentes de Brasil, Luiz In\u00e1cio Lula da Silva, y de Venezuela, Nicol\u00e1s Maduro, plantea un panorama auspicioso para la elevaci\u00f3n del comercio y la cooperaci\u00f3n estrat\u00e9gica, bajo un mecanismo ganar-ganar.<\/p>\n\n\n\n<p>\u201cEstuvimos hablando 50 minutos\u201d, recalc\u00f3 Maduro, quien detall\u00f3 que el intercambio telef\u00f3nico permiti\u00f3 la revisi\u00f3n \u201cde todos los temas de cooperaci\u00f3n bilateral\u201d.<\/p>\n\n\n\n<p>Durante la emisi\u00f3n del programa Con Maduro +, transmitido a trav\u00e9s de Venezolana de Televisi\u00f3n (VTV), puntualiz\u00f3 que, pr\u00f3ximamente, se conocer\u00e1n buenas noticias sobre la llegada de inversionistas brasile\u00f1os a Venezuela, as\u00ed como \u201cplanes futuros de gran calado\u201d que tributar\u00e1n al crecimiento conjunto.<\/p>\n\n\n\n<p>Indic\u00f3 que, adem\u00e1s de consultarle sobre su estado de salud a ra\u00edz de la intervenci\u00f3n&nbsp; quir\u00fargica que se le practicara en la cadera, \u201cintercambiamos opiniones sobre todos los temas\u201d. Por otro lado, subray\u00f3 que el buen \u00e1nimo de su par de Brasil \u201clo contagia a uno de alegr\u00eda, de felicidad\u201d.<\/p>\n\n\n\n<p>Al enfatizar que Lula \u201ces un gran l\u00edder de Am\u00e9rica del Sur y del mundo\u201d, el mandatario venezolano se\u00f1al\u00f3 que ambos coincidieron en la necesidad de reencontrarse en persona \u201cpara darnos un abrazo y seguir construyendo las nuevas relaciones, la nueva \u00e9poca de Brasil y Venezuela\u201d.<\/p>\n\n\n\n<p>M\u00e1s temprano, mediante su cuenta en la red social X, @NicolasMaduro, el jefe de Estado inform\u00f3 sobre la conversaci\u00f3n telef\u00f3nica que sostuvo con su hom\u00f3logo de Brasil, donde \u201cabordamos temas importantes del mapa de cooperaci\u00f3n entre nuestros pa\u00edses\u201d.<\/p>\n\n\n\n<p><strong>Prensa Presidencial \/ Karelis Gonz\u00e1lez<\/strong><\/p>\n","protected":false},"excerpt":{"rendered":"<p>Palacio de Miraflores, Caracas.-&nbsp;El di\u00e1logo sostenido entre los presidentes de Brasil, Luiz In\u00e1cio Lula da Silva, y de Venezuela, Nicol\u00e1s Maduro, plantea un panorama auspicioso para la elevaci\u00f3n del comercio y la cooperaci\u00f3n estrat\u00e9gica, bajo un mecanismo ganar-ganar. \u201cEstuvimos hablando 50 minutos\u201d, recalc\u00f3 Maduro, quien detall\u00f3 que el intercambio telef\u00f3nico permiti\u00f3 la revisi\u00f3n \u201cde todos [&hellip;]<\/p>\n","protected":false},"author":6,"featured_media":7382,"comment_status":"open","ping_status":"open","sticky":false,"template":"","format":"standard","meta":{"footnotes":""},"categories":[18,7],"tags":[],"class_list":["post-7381","post","type-post","status-publish","format-standard","has-post-thumbnail","hentry","category-noticias-principales","category-notas-de-prensa"],"_links":{"self":[{"href":"https:\/\/prensapresidencialvenezuela.gob.ve\/index.php\/wp-json\/wp\/v2\/posts\/7381","targetHints":{"allow":["GET"]}}],"collection":[{"href":"https:\/\/prensapresidencialvenezuela.gob.ve\/index.php\/wp-json\/wp\/v2\/posts"}],"about":[{"href":"https:\/\/prensapresidencialvenezuela.gob.ve\/index.php\/wp-json\/wp\/v2\/types\/post"}],"author":[{"embeddable":true,"href":"https:\/\/prensapresidencialvenezuela.gob.ve\/index.php\/wp-json\/wp\/v2\/users\/6"}],"replies":[{"embeddable":true,"href":"https:\/\/prensapresidencialvenezuela.gob.ve\/index.php\/wp-json\/wp\/v2\/comments?post=7381"}],"version-history":[{"count":1,"href":"https:\/\/prensapresidencialvenezuela.gob.ve\/index.php\/wp-json\/wp\/v2\/posts\/7381\/revisions"}],"predecessor-version":[{"id":7383,"href":"https:\/\/prensapresidencialvenezuela.gob.ve\/index.php\/wp-json\/wp\/v2\/posts\/7381\/revisions\/7383"}],"wp:featuredmedia":[{"embeddable":true,"href":"https:\/\/prensapresidencialvenezuela.gob.ve\/index.php\/wp-json\/wp\/v2\/media\/7382"}],"wp:attachment":[{"href":"https:\/\/prensapresidencialvenezuela.gob.ve\/index.php\/wp-json\/wp\/v2\/media?parent=7381"}],"wp:term":[{"taxonomy":"category","embeddable":true,"href":"https:\/\/prensapresidencialvenezuela.gob.ve\/index.php\/wp-json\/wp\/v2\/categories?post=7381"},{"taxonomy":"post_tag","embeddable":true,"href":"https:\/\/prensapresidencialvenezuela.gob.ve\/index.php\/wp-json\/wp\/v2\/tags?post=7381"}],"curies":[{"name":"wp","href":"https:\/\/api.w.org\/{rel}","templated":true}]}}