{"id":7392,"date":"2023-10-16T19:12:00","date_gmt":"2023-10-16T19:12:00","guid":{"rendered":"http:\/\/172.27.0.121\/?p=7392"},"modified":"2023-10-22T19:20:40","modified_gmt":"2023-10-22T19:20:40","slug":"rehabilitadas-instituciones-educativas-en-falcon","status":"publish","type":"post","link":"https:\/\/prensapresidencialvenezuela.gob.ve\/index.php\/2023\/10\/16\/rehabilitadas-instituciones-educativas-en-falcon\/","title":{"rendered":"Rehabilitadas instituciones educativas en Falc\u00f3n"},"content":{"rendered":"\n<p><strong>Palacio de Miraflores, Caracas.-<\/strong>&nbsp;Tras recibir el reporte a trav\u00e9s del 1\u00d710 del Buen Gobierno se realizaron los trabajos correspondientes para lograr -en tiempo r\u00e9cord- la rehabilitaci\u00f3n de instituciones educativas en el municipio Carirubana del estado Falc\u00f3n.<\/p>\n\n\n\n<p>As\u00ed se dio a conocer este lunes durante el programa \u201cCon Maduro +\u201d, donde la vocera comunitaria, Gabriela Delgado, ofreci\u00f3 detalles de las obras ejecutadas por el Gobierno Bolivariano y el Poder Popular organizado en la localidad.<\/p>\n\n\n\n<p>En este sentido, las Brigadas Comunales Militares para la Educaci\u00f3n y la Salud (Bricomiles) fueron desplegadas en el liceo nacional Andr\u00e9s Bello de la poblaci\u00f3n de Tacuato, la escuela Florencio Villanueva de El Taque y la escuela \u201cPolita de Lima\u201d.<\/p>\n\n\n\n<p>\u201cEn las escuelas fueron instalados cuatro Centros Bolivarianos de Inform\u00e1tica y Telem\u00e1tica de \u00faltima tecnolog\u00eda (\u2026) y la Escuela T\u00e9cnica ya est\u00e1 en pleno desarrollo. En esta comunidad ya podemos graduar t\u00e9cnicos medios en ciencia y tecnolog\u00eda\u201d, detall\u00f3 la ministra del Poder Popular para la Educaci\u00f3n, Yelitze Santaella.<\/p>\n\n\n\n<p>Asimismo, fueron recuperadas las canchas deportivas Los Apamates, Pablo Neruda y V\u00edctor Juan Rivero del municipio Carirubana.<\/p>\n\n\n\n<p>\u201cEl 1\u00d710 si funciona Presidente y debo mencionar que nuestras escuelas quedaron much\u00edsimo mejor que cuando las inauguraron. Nuestros ni\u00f1os tienen espacios dignos con todo absolutamente nuevo\u201d, expres\u00f3 Gabriela Delgado al sostener una conversaci\u00f3n con el Jefe de Estado, Nicol\u00e1s Maduro.<\/p>\n\n\n\n<p>Por otra parte, se rehabilit\u00f3 el alumbrado del tramo de la autopista desde el sector El Taque hasta el cruce de Tacuato.<\/p>\n\n\n\n<p><strong>Autoconstrucci\u00f3n llanera<\/strong><\/p>\n\n\n\n<p>En la parroquia Las Mercedes del Llano del estado Gu\u00e1rico se complet\u00f3 la &nbsp;construcci\u00f3n de 12 viviendas a trav\u00e9s de la pol\u00edtica de autoconstrucci\u00f3n y con el apoyo del 1\u00d710 del Buen Gobierno.<\/p>\n\n\n\n<p>Igualmente, se realizaron mejoras en la infraestructura de la Escuela B\u00e1sica \u201cModesto Juvencio Manui Manui\u201d.<\/p>\n\n\n\n<p><strong>Prensa Presidencial \/ Bianca Borrero<\/strong><\/p>\n","protected":false},"excerpt":{"rendered":"<p>Palacio de Miraflores, Caracas.-&nbsp;Tras recibir el reporte a trav\u00e9s del 1\u00d710 del Buen Gobierno se realizaron los trabajos correspondientes para lograr -en tiempo r\u00e9cord- la rehabilitaci\u00f3n de instituciones educativas en el municipio Carirubana del estado Falc\u00f3n. As\u00ed se dio a conocer este lunes durante el programa \u201cCon Maduro +\u201d, donde la vocera comunitaria, Gabriela Delgado, [&hellip;]<\/p>\n","protected":false},"author":6,"featured_media":7393,"comment_status":"open","ping_status":"open","sticky":false,"template":"","format":"standard","meta":{"footnotes":""},"categories":[18,7],"tags":[],"class_list":["post-7392","post","type-post","status-publish","format-standard","has-post-thumbnail","hentry","category-noticias-principales","category-notas-de-prensa"],"_links":{"self":[{"href":"https:\/\/prensapresidencialvenezuela.gob.ve\/index.php\/wp-json\/wp\/v2\/posts\/7392","targetHints":{"allow":["GET"]}}],"collection":[{"href":"https:\/\/prensapresidencialvenezuela.gob.ve\/index.php\/wp-json\/wp\/v2\/posts"}],"about":[{"href":"https:\/\/prensapresidencialvenezuela.gob.ve\/index.php\/wp-json\/wp\/v2\/types\/post"}],"author":[{"embeddable":true,"href":"https:\/\/prensapresidencialvenezuela.gob.ve\/index.php\/wp-json\/wp\/v2\/users\/6"}],"replies":[{"embeddable":true,"href":"https:\/\/prensapresidencialvenezuela.gob.ve\/index.php\/wp-json\/wp\/v2\/comments?post=7392"}],"version-history":[{"count":1,"href":"https:\/\/prensapresidencialvenezuela.gob.ve\/index.php\/wp-json\/wp\/v2\/posts\/7392\/revisions"}],"predecessor-version":[{"id":7394,"href":"https:\/\/prensapresidencialvenezuela.gob.ve\/index.php\/wp-json\/wp\/v2\/posts\/7392\/revisions\/7394"}],"wp:featuredmedia":[{"embeddable":true,"href":"https:\/\/prensapresidencialvenezuela.gob.ve\/index.php\/wp-json\/wp\/v2\/media\/7393"}],"wp:attachment":[{"href":"https:\/\/prensapresidencialvenezuela.gob.ve\/index.php\/wp-json\/wp\/v2\/media?parent=7392"}],"wp:term":[{"taxonomy":"category","embeddable":true,"href":"https:\/\/prensapresidencialvenezuela.gob.ve\/index.php\/wp-json\/wp\/v2\/categories?post=7392"},{"taxonomy":"post_tag","embeddable":true,"href":"https:\/\/prensapresidencialvenezuela.gob.ve\/index.php\/wp-json\/wp\/v2\/tags?post=7392"}],"curies":[{"name":"wp","href":"https:\/\/api.w.org\/{rel}","templated":true}]}}