{"id":7395,"date":"2023-10-16T19:22:00","date_gmt":"2023-10-16T19:22:00","guid":{"rendered":"http:\/\/172.27.0.121\/?p=7395"},"modified":"2023-10-22T19:35:22","modified_gmt":"2023-10-22T19:35:22","slug":"inaugurada-sede-de-la-escuela-latinoamericana-de-medicina-dr-salvador-allende-en-caracas","status":"publish","type":"post","link":"https:\/\/prensapresidencialvenezuela.gob.ve\/index.php\/2023\/10\/16\/inaugurada-sede-de-la-escuela-latinoamericana-de-medicina-dr-salvador-allende-en-caracas\/","title":{"rendered":"Inaugurada sede de la Escuela Latinoamericana de Medicina \u201cDr. Salvador Allende\u201d en Caracas"},"content":{"rendered":"\n<p><strong>Palacio de Miraflores, Caracas.-<\/strong>&nbsp;El presidente de la Rep\u00fablica Bolivariana de Venezuela, Nicol\u00e1s Maduro Moros, inaugur\u00f3 este lunes la sede de la Escuela Latinoamericana de Medicina \u201cDr. Salvador Allende\u201d en la ciudad de Caracas.<\/p>\n\n\n\n<p>La nueva sede cuenta con 22 pisos (34 mil metros cuadrados), donde se distribuyen \u00e1reas de dormitorios, aulas y laboratorios dotados con alta tecnolog\u00eda, as\u00ed como tambi\u00e9n un amplio espacio de biblioteca y comedor.<\/p>\n\n\n\n<p>\u201cEsta Escuela Latinoamericana de Medicina de la mano de la Universidad de las Ciencias de la Salud ha venido formando (\u2026) y egresado m\u00e1s de 1500 profesionales con un esp\u00edritu humanista\u201d, pormenoriz\u00f3 la ministra del Poder Popular para la Educaci\u00f3n Universitaria, Sandra Oblitas.<\/p>\n\n\n\n<p>Este centro educativo cuenta con siete \u00e1reas: administraci\u00f3n, espacios docentes, residencias, eventos y conferencias, comedor y esparcimiento, investigaci\u00f3n y servicios.<\/p>\n\n\n\n<p>\u201cEn este momento la Universidad de las Ciencias de la Salud cuenta con 42.794 estudiantes en todas las carreras de la salud: medicina integral comunitaria, enfermer\u00eda integral comunitaria, fisioterapia, terapia ocupacional, farmacia, entre otras\u201d, inform\u00f3 el presidente de la Rep\u00fablica, Nicol\u00e1s Maduro Moros.<\/p>\n\n\n\n<p>La Escuela Latinoamericana de Medicina \u201cDr. Salvador Allende\u201d (ELAM) de Venezuela, fue un proyecto iniciado por los presidentes Fidel Castro y Hugo Ch\u00e1vez en el a\u00f1o 2005 bajo la premisa de formar profesionales de la salud al servicio de los m\u00e1s humildes.<\/p>\n\n\n\n<p><strong>Prensa Presidencial<\/strong><\/p>\n","protected":false},"excerpt":{"rendered":"<p>Palacio de Miraflores, Caracas.-&nbsp;El presidente de la Rep\u00fablica Bolivariana de Venezuela, Nicol\u00e1s Maduro Moros, inaugur\u00f3 este lunes la sede de la Escuela Latinoamericana de Medicina \u201cDr. Salvador Allende\u201d en la ciudad de Caracas. La nueva sede cuenta con 22 pisos (34 mil metros cuadrados), donde se distribuyen \u00e1reas de dormitorios, aulas y laboratorios dotados con [&hellip;]<\/p>\n","protected":false},"author":6,"featured_media":7396,"comment_status":"open","ping_status":"open","sticky":false,"template":"","format":"standard","meta":{"footnotes":""},"categories":[18,7],"tags":[],"class_list":["post-7395","post","type-post","status-publish","format-standard","has-post-thumbnail","hentry","category-noticias-principales","category-notas-de-prensa"],"_links":{"self":[{"href":"https:\/\/prensapresidencialvenezuela.gob.ve\/index.php\/wp-json\/wp\/v2\/posts\/7395","targetHints":{"allow":["GET"]}}],"collection":[{"href":"https:\/\/prensapresidencialvenezuela.gob.ve\/index.php\/wp-json\/wp\/v2\/posts"}],"about":[{"href":"https:\/\/prensapresidencialvenezuela.gob.ve\/index.php\/wp-json\/wp\/v2\/types\/post"}],"author":[{"embeddable":true,"href":"https:\/\/prensapresidencialvenezuela.gob.ve\/index.php\/wp-json\/wp\/v2\/users\/6"}],"replies":[{"embeddable":true,"href":"https:\/\/prensapresidencialvenezuela.gob.ve\/index.php\/wp-json\/wp\/v2\/comments?post=7395"}],"version-history":[{"count":1,"href":"https:\/\/prensapresidencialvenezuela.gob.ve\/index.php\/wp-json\/wp\/v2\/posts\/7395\/revisions"}],"predecessor-version":[{"id":7397,"href":"https:\/\/prensapresidencialvenezuela.gob.ve\/index.php\/wp-json\/wp\/v2\/posts\/7395\/revisions\/7397"}],"wp:featuredmedia":[{"embeddable":true,"href":"https:\/\/prensapresidencialvenezuela.gob.ve\/index.php\/wp-json\/wp\/v2\/media\/7396"}],"wp:attachment":[{"href":"https:\/\/prensapresidencialvenezuela.gob.ve\/index.php\/wp-json\/wp\/v2\/media?parent=7395"}],"wp:term":[{"taxonomy":"category","embeddable":true,"href":"https:\/\/prensapresidencialvenezuela.gob.ve\/index.php\/wp-json\/wp\/v2\/categories?post=7395"},{"taxonomy":"post_tag","embeddable":true,"href":"https:\/\/prensapresidencialvenezuela.gob.ve\/index.php\/wp-json\/wp\/v2\/tags?post=7395"}],"curies":[{"name":"wp","href":"https:\/\/api.w.org\/{rel}","templated":true}]}}