{"id":741,"date":"2022-01-11T16:34:00","date_gmt":"2022-01-11T16:34:00","guid":{"rendered":"http:\/\/172.27.0.121\/?p=741"},"modified":"2022-05-28T16:37:01","modified_gmt":"2022-05-28T16:37:01","slug":"caracas-y-managua-reimpulsaran-cooperacion-binacional-en-2022","status":"publish","type":"post","link":"https:\/\/prensapresidencialvenezuela.gob.ve\/index.php\/2022\/01\/11\/caracas-y-managua-reimpulsaran-cooperacion-binacional-en-2022\/","title":{"rendered":"Caracas y Managua reimpulsar\u00e1n cooperaci\u00f3n binacional en 2022"},"content":{"rendered":"\n<p><strong>Palacio de Miraflores, Caracas.-<\/strong> La Comisi\u00f3n Mixta de Alto Nivel Venezuela-Nicaragua tendr\u00e1 un reimpulso en este 2022, inform\u00f3 el jefe de Estado y de Gobierno venezolano, Nicol\u00e1s Maduro Moros este martes.<\/p>\n\n\n\n<p>\u201cDecidimos el presidente (de Nicaragua), comandante Daniel Ortega y yo, reanimar, reactivar la Comisi\u00f3n Mixta de Alto Nivel que rige la cooperaci\u00f3n entre Nicaragua y Venezuela\u201d.<\/p>\n\n\n\n<p>En ese sentido, Maduro anunci\u00f3 que en los pr\u00f3ximos d\u00edas se iniciar\u00e1n sesiones de trabajo entre las comisiones de ambos pa\u00edses para \u201chacer un nuevo mapa de cooperaci\u00f3n econ\u00f3mica, agr\u00edcola, energ\u00e9tica, cultural y social para los a\u00f1os que est\u00e1n por venir, a prop\u00f3sito del inicio del nuevo mandato constitucional del presidente Ortega\u201d.<\/p>\n\n\n\n<p>A juicio del Presidente venezolano, el 2022 es un buen momento para reenfocar los temas de inter\u00e9s conjuntos y construir una red de cooperaci\u00f3n entre Caracas y Managua.<\/p>\n\n\n\n<p>Nicol\u00e1s Maduro asisti\u00f3 este 10 de enero a la toma de juramento de Daniel Ortega, quien fue reelecto como presidente de la Rep\u00fablica de Nicaragua con el 75% de los votos.<\/p>\n\n\n\n<p>Al extender sus felicitaciones al pueblo nicarag\u00fcense por el triunfo de las fuerzas sandinistas, el Dignatario venezolano coment\u00f3 que el evento, llevado a cabo en la Plaza de la Revoluci\u00f3n de Managua, fue propicio para conversar con algunas delegaciones presentes, entre ellas China, Ir\u00e1n, Rusia y Cuba.<\/p>\n\n\n\n<p>\u201cFue una fiesta latinoamericana, caribe\u00f1a y del mundo la toma de posesi\u00f3n (de Daniel Ortega). Cada vez que vamos a Nicaragua sentimos el peso de la historia, el palpitar en\u00e9rgico de la historia grande de Am\u00e9rica Latina y el Caribe\u201d, concluy\u00f3.<\/p>\n\n\n\n<p><strong>Prensa Presidencial\/Bianca Borrero<\/strong><\/p>\n","protected":false},"excerpt":{"rendered":"<p>Palacio de Miraflores, Caracas.- La Comisi\u00f3n Mixta de Alto Nivel Venezuela-Nicaragua tendr\u00e1 un reimpulso en este 2022, inform\u00f3 el jefe de Estado y de Gobierno venezolano, Nicol\u00e1s Maduro Moros este martes. \u201cDecidimos el presidente (de Nicaragua), comandante Daniel Ortega y yo, reanimar, reactivar la Comisi\u00f3n Mixta de Alto Nivel que rige la cooperaci\u00f3n entre Nicaragua [&hellip;]<\/p>\n","protected":false},"author":6,"featured_media":742,"comment_status":"open","ping_status":"open","sticky":false,"template":"","format":"standard","meta":{"footnotes":""},"categories":[7],"tags":[],"class_list":["post-741","post","type-post","status-publish","format-standard","has-post-thumbnail","hentry","category-notas-de-prensa"],"_links":{"self":[{"href":"https:\/\/prensapresidencialvenezuela.gob.ve\/index.php\/wp-json\/wp\/v2\/posts\/741","targetHints":{"allow":["GET"]}}],"collection":[{"href":"https:\/\/prensapresidencialvenezuela.gob.ve\/index.php\/wp-json\/wp\/v2\/posts"}],"about":[{"href":"https:\/\/prensapresidencialvenezuela.gob.ve\/index.php\/wp-json\/wp\/v2\/types\/post"}],"author":[{"embeddable":true,"href":"https:\/\/prensapresidencialvenezuela.gob.ve\/index.php\/wp-json\/wp\/v2\/users\/6"}],"replies":[{"embeddable":true,"href":"https:\/\/prensapresidencialvenezuela.gob.ve\/index.php\/wp-json\/wp\/v2\/comments?post=741"}],"version-history":[{"count":1,"href":"https:\/\/prensapresidencialvenezuela.gob.ve\/index.php\/wp-json\/wp\/v2\/posts\/741\/revisions"}],"predecessor-version":[{"id":743,"href":"https:\/\/prensapresidencialvenezuela.gob.ve\/index.php\/wp-json\/wp\/v2\/posts\/741\/revisions\/743"}],"wp:featuredmedia":[{"embeddable":true,"href":"https:\/\/prensapresidencialvenezuela.gob.ve\/index.php\/wp-json\/wp\/v2\/media\/742"}],"wp:attachment":[{"href":"https:\/\/prensapresidencialvenezuela.gob.ve\/index.php\/wp-json\/wp\/v2\/media?parent=741"}],"wp:term":[{"taxonomy":"category","embeddable":true,"href":"https:\/\/prensapresidencialvenezuela.gob.ve\/index.php\/wp-json\/wp\/v2\/categories?post=741"},{"taxonomy":"post_tag","embeddable":true,"href":"https:\/\/prensapresidencialvenezuela.gob.ve\/index.php\/wp-json\/wp\/v2\/tags?post=741"}],"curies":[{"name":"wp","href":"https:\/\/api.w.org\/{rel}","templated":true}]}}