{"id":7418,"date":"2023-10-22T19:28:00","date_gmt":"2023-10-22T19:28:00","guid":{"rendered":"http:\/\/172.27.0.121\/?p=7418"},"modified":"2023-10-23T19:36:56","modified_gmt":"2023-10-23T19:36:56","slug":"presidente-maduro-participa-en-el-encuentro-de-palenque","status":"publish","type":"post","link":"https:\/\/prensapresidencialvenezuela.gob.ve\/index.php\/2023\/10\/22\/presidente-maduro-participa-en-el-encuentro-de-palenque\/","title":{"rendered":"Presidente Maduro participa en el Encuentro de Palenque"},"content":{"rendered":"\n<p><strong>Chiapas, M\u00e9xico.-&nbsp;<\/strong>El presidente de la Rep\u00fablica Bolivariana de Venezuela, Nicol\u00e1s Maduro, participa en el Encuentro de Palenque por una buena vecindad y bienestar, que se realiza en el estado de Chiapas, M\u00e9xico.<\/p>\n\n\n\n<p>En la cita est\u00e1n presentes delegaciones de Ecuador, Colombia, El Salvador, Honduras, Belice, Guatemala, Hait\u00ed, Cuba, Costa Rica y Panam\u00e1.<\/p>\n\n\n\n<p>La reuni\u00f3n ocurrir\u00e1 en un contexto en el cual Centroam\u00e9rica afronta un flujo migratorio \u00absin precedentes\u00bb, de acuerdo a una advertencia emitida por la Organizaci\u00f3n Internacional de las Migraciones (OIM) el mes pasado.<\/p>\n\n\n\n<p>Seg\u00fan el presidente de M\u00e9xico, Andr\u00e9s Manuel L\u00f3pez Obrador, en esta nueva oleada migratoria a la frontera de M\u00e9xico con los pa\u00edses fronterizos de Centroam\u00e9rica llegan hasta 6.000 migrantes diarios, mientras que a la l\u00ednea fronteriza de Estados Unidos arriban hasta 10.000: \u00abY s\u00ed, ha crecido mucho la afluencia migratoria, el flujo migratorio\u201d, resalt\u00f3 el Mandatario azteca en recientes declaraciones.<\/p>\n\n\n\n<p>Este encuentro precede, a su vez, a uno que mantendr\u00e1 el Presidente mexicano con su par estadounidense, Joe Biden, para el mes de noviembre pr\u00f3ximo.<\/p>\n\n\n\n<p>Por su parte, Venezuela cuenta con el Plan Vuelta a la Patria que garantiza la protecci\u00f3n a los migrantes y les permite volver por v\u00eda terrestre o a\u00e9rea a su Patria sin costo alguno.<\/p>\n\n\n\n<p><strong>Prensa Presidencial \/ Karla Cotoret<\/strong><\/p>\n","protected":false},"excerpt":{"rendered":"<p>Chiapas, M\u00e9xico.-&nbsp;El presidente de la Rep\u00fablica Bolivariana de Venezuela, Nicol\u00e1s Maduro, participa en el Encuentro de Palenque por una buena vecindad y bienestar, que se realiza en el estado de Chiapas, M\u00e9xico. En la cita est\u00e1n presentes delegaciones de Ecuador, Colombia, El Salvador, Honduras, Belice, Guatemala, Hait\u00ed, Cuba, Costa Rica y Panam\u00e1. La reuni\u00f3n ocurrir\u00e1 [&hellip;]<\/p>\n","protected":false},"author":6,"featured_media":7419,"comment_status":"open","ping_status":"open","sticky":false,"template":"","format":"standard","meta":{"footnotes":""},"categories":[18,7],"tags":[],"class_list":["post-7418","post","type-post","status-publish","format-standard","has-post-thumbnail","hentry","category-noticias-principales","category-notas-de-prensa"],"_links":{"self":[{"href":"https:\/\/prensapresidencialvenezuela.gob.ve\/index.php\/wp-json\/wp\/v2\/posts\/7418","targetHints":{"allow":["GET"]}}],"collection":[{"href":"https:\/\/prensapresidencialvenezuela.gob.ve\/index.php\/wp-json\/wp\/v2\/posts"}],"about":[{"href":"https:\/\/prensapresidencialvenezuela.gob.ve\/index.php\/wp-json\/wp\/v2\/types\/post"}],"author":[{"embeddable":true,"href":"https:\/\/prensapresidencialvenezuela.gob.ve\/index.php\/wp-json\/wp\/v2\/users\/6"}],"replies":[{"embeddable":true,"href":"https:\/\/prensapresidencialvenezuela.gob.ve\/index.php\/wp-json\/wp\/v2\/comments?post=7418"}],"version-history":[{"count":1,"href":"https:\/\/prensapresidencialvenezuela.gob.ve\/index.php\/wp-json\/wp\/v2\/posts\/7418\/revisions"}],"predecessor-version":[{"id":7420,"href":"https:\/\/prensapresidencialvenezuela.gob.ve\/index.php\/wp-json\/wp\/v2\/posts\/7418\/revisions\/7420"}],"wp:featuredmedia":[{"embeddable":true,"href":"https:\/\/prensapresidencialvenezuela.gob.ve\/index.php\/wp-json\/wp\/v2\/media\/7419"}],"wp:attachment":[{"href":"https:\/\/prensapresidencialvenezuela.gob.ve\/index.php\/wp-json\/wp\/v2\/media?parent=7418"}],"wp:term":[{"taxonomy":"category","embeddable":true,"href":"https:\/\/prensapresidencialvenezuela.gob.ve\/index.php\/wp-json\/wp\/v2\/categories?post=7418"},{"taxonomy":"post_tag","embeddable":true,"href":"https:\/\/prensapresidencialvenezuela.gob.ve\/index.php\/wp-json\/wp\/v2\/tags?post=7418"}],"curies":[{"name":"wp","href":"https:\/\/api.w.org\/{rel}","templated":true}]}}