{"id":7426,"date":"2023-10-22T19:45:00","date_gmt":"2023-10-22T19:45:00","guid":{"rendered":"http:\/\/172.27.0.121\/?p=7426"},"modified":"2023-10-23T19:50:29","modified_gmt":"2023-10-23T19:50:29","slug":"caracas-y-bogota-fortalecen-agenda-de-cooperacion-binacional","status":"publish","type":"post","link":"https:\/\/prensapresidencialvenezuela.gob.ve\/index.php\/2023\/10\/22\/caracas-y-bogota-fortalecen-agenda-de-cooperacion-binacional\/","title":{"rendered":"Caracas y Bogot\u00e1 fortalecen agenda de cooperaci\u00f3n binacional"},"content":{"rendered":"\n<p><strong>Chiapas, M\u00e9xico.-<\/strong>&nbsp;Los presidentes de la Rep\u00fablica Bolivariana de Venezuela, Nicol\u00e1s Maduro Moros, y de la Rep\u00fablica de Colombia, Gustavo Petro, sostienen este domingo una reuni\u00f3n bilateral en aras de pasar revista y dinamizar la agenda de cooperaci\u00f3n entre ambas naciones.<\/p>\n\n\n\n<p>El di\u00e1logo que se realiza tras la participaci\u00f3n de ambos mandatarios en el Encuentro de Palenque, por una vecindad fraterna y con bienestar, que se realiza en el estado de Chiapas, M\u00e9xico.<\/p>\n\n\n\n<p>Caracas y Bogot\u00e1 impulsan una nueva era de relaciones con la firma de convenios en \u00e1reas medulares como comercio, migraci\u00f3n y seguridad fronteriza, apostando a la cooperaci\u00f3n e integraci\u00f3n para consolidar avances significativos para ambos pueblos.<\/p>\n\n\n\n<p>Muestra de ello es la firma del Acuerdo de Alcance Parcial de Naturaleza Comercial N\u00b0 28, entre los dignatarios Nicol\u00e1s Maduro y Gustavo Petro.<\/p>\n\n\n\n<p>\u201cEstamos en una nueva fase de construcci\u00f3n de las relaciones en todos los sentidos, en toda la l\u00ednea de acci\u00f3n. Nuestras relaciones econ\u00f3micas y comerciales van marcando un buen ritmo, una buena din\u00e1mica\u201d, enfatiz\u00f3 el Mandatario nacional tras la firma del Acuerdo, el 16 de febrero de este a\u00f1o.<\/p>\n\n\n\n<p>Otro ejemplo lo constituye la Macrorrueda Binacional Venezuela-Colombia 2023, que se desarroll\u00f3 del 27 al 29 de septiembre y cont\u00f3 con la presencia de 530 empresarios colombianos y 410 venezolanos, a fin de favorecer el desarrollo de un centenar de mesas de negociaci\u00f3n orientadas, entre otros, a la exportaci\u00f3n y al crecimiento econ\u00f3mico.<\/p>\n\n\n\n<p>\u201cEs un gran logro del trabajo que estamos haciendo de manera mancomunada el gobierno de Colombia y el gobierno de Venezuela para abrir las puertas de las fronteras, las puertas del comercio, las puertas de la inversi\u00f3n asociada de capital colombiano en Venezuela y de capital venezolano en Colombia. La paz y la uni\u00f3n perpetua de Colombia y Venezuela la construimos hoy echando bases econ\u00f3micas poderosas\u201d, recalc\u00f3 el Dignatario venezolano, durante la emisi\u00f3n del programa Con Maduro + del 02 de octubre de 2023.<\/p>\n\n\n\n<p>Las relaciones diplom\u00e1ticas entre Venezuela y Colombia, dos pa\u00edses hermanos con una herencia hist\u00f3rica com\u00fan indudable, fueron restablecidas formalmente el 22 de agosto de 2022.<\/p>\n\n\n\n<p><strong>Prensa Presidencial \/ Karla Cotoret<\/strong><\/p>\n","protected":false},"excerpt":{"rendered":"<p>Chiapas, M\u00e9xico.-&nbsp;Los presidentes de la Rep\u00fablica Bolivariana de Venezuela, Nicol\u00e1s Maduro Moros, y de la Rep\u00fablica de Colombia, Gustavo Petro, sostienen este domingo una reuni\u00f3n bilateral en aras de pasar revista y dinamizar la agenda de cooperaci\u00f3n entre ambas naciones. El di\u00e1logo que se realiza tras la participaci\u00f3n de ambos mandatarios en el Encuentro de [&hellip;]<\/p>\n","protected":false},"author":6,"featured_media":7427,"comment_status":"open","ping_status":"open","sticky":false,"template":"","format":"standard","meta":{"footnotes":""},"categories":[18,7],"tags":[],"class_list":["post-7426","post","type-post","status-publish","format-standard","has-post-thumbnail","hentry","category-noticias-principales","category-notas-de-prensa"],"_links":{"self":[{"href":"https:\/\/prensapresidencialvenezuela.gob.ve\/index.php\/wp-json\/wp\/v2\/posts\/7426","targetHints":{"allow":["GET"]}}],"collection":[{"href":"https:\/\/prensapresidencialvenezuela.gob.ve\/index.php\/wp-json\/wp\/v2\/posts"}],"about":[{"href":"https:\/\/prensapresidencialvenezuela.gob.ve\/index.php\/wp-json\/wp\/v2\/types\/post"}],"author":[{"embeddable":true,"href":"https:\/\/prensapresidencialvenezuela.gob.ve\/index.php\/wp-json\/wp\/v2\/users\/6"}],"replies":[{"embeddable":true,"href":"https:\/\/prensapresidencialvenezuela.gob.ve\/index.php\/wp-json\/wp\/v2\/comments?post=7426"}],"version-history":[{"count":1,"href":"https:\/\/prensapresidencialvenezuela.gob.ve\/index.php\/wp-json\/wp\/v2\/posts\/7426\/revisions"}],"predecessor-version":[{"id":7428,"href":"https:\/\/prensapresidencialvenezuela.gob.ve\/index.php\/wp-json\/wp\/v2\/posts\/7426\/revisions\/7428"}],"wp:featuredmedia":[{"embeddable":true,"href":"https:\/\/prensapresidencialvenezuela.gob.ve\/index.php\/wp-json\/wp\/v2\/media\/7427"}],"wp:attachment":[{"href":"https:\/\/prensapresidencialvenezuela.gob.ve\/index.php\/wp-json\/wp\/v2\/media?parent=7426"}],"wp:term":[{"taxonomy":"category","embeddable":true,"href":"https:\/\/prensapresidencialvenezuela.gob.ve\/index.php\/wp-json\/wp\/v2\/categories?post=7426"},{"taxonomy":"post_tag","embeddable":true,"href":"https:\/\/prensapresidencialvenezuela.gob.ve\/index.php\/wp-json\/wp\/v2\/tags?post=7426"}],"curies":[{"name":"wp","href":"https:\/\/api.w.org\/{rel}","templated":true}]}}