{"id":7431,"date":"2023-10-22T19:52:00","date_gmt":"2023-10-22T19:52:00","guid":{"rendered":"http:\/\/172.27.0.121\/?p=7431"},"modified":"2023-10-23T19:57:25","modified_gmt":"2023-10-23T19:57:25","slug":"comunicado-de-chiapas-subraya-construccion-de-soluciones-ante-aumento-migratorio-irregular","status":"publish","type":"post","link":"https:\/\/prensapresidencialvenezuela.gob.ve\/index.php\/2023\/10\/22\/comunicado-de-chiapas-subraya-construccion-de-soluciones-ante-aumento-migratorio-irregular\/","title":{"rendered":"Comunicado de Chiapas subraya construcci\u00f3n de soluciones ante aumento migratorio irregular"},"content":{"rendered":"\n<p><strong>Chiapas, M\u00e9xico. \u2013<\/strong>&nbsp;En el Encuentro de Palenque por una vecindad fraterna y con bienestar, convocado por el presidente mexicano, Andr\u00e9s Manuel L\u00f3pez Obrador, Los jefes y jefas de Estado y de Gobierno y de delegaci\u00f3n de Belice, Colombia, Costa Rica, Cuba, El Salvador, Hait\u00ed, Honduras, M\u00e9xico, Panam\u00e1 y Venezuela, acordaron comunicado conjunto que perfila los desaf\u00edos que enfrentan los pa\u00edses de origen, tr\u00e1nsito, destino y retorno.<\/p>\n\n\n\n<p>La encargada de dar lectura al comunicado conjunto fue la canciller de M\u00e9xico, Alicia B\u00e1rcena, quien agradeci\u00f3 a los ministros y altas autoridades de los pa\u00edses que acompa\u00f1aron esta cita internacional, la cual se\u00f1al\u00f3 dio paso a \u201cun debate muy importante sobre la migraci\u00f3n\u201d.<\/p>\n\n\n\n<p><strong>Comunicado conjunto<\/strong><\/p>\n\n\n\n<p>Los jefes y jefas de Estado y de Gobierno y de delegaci\u00f3n de Belice, Colombia, Costa Rica, Cuba, El Salvador, Hait\u00ed, Honduras, M\u00e9xico, Panam\u00e1 y Venezuela, reunidos en Palenque, Chiapas, el 22 de octubre de 2023, con objeto de construir soluciones integrales ante el aumento de los flujos migratorios irregulares que experimentan nuestros pa\u00edses y conscientes de que:<\/p>\n\n\n\n<p><strong>Primero,<\/strong>&nbsp;las principales causas estructurales de la migraci\u00f3n son de origen pol\u00edtico, econ\u00f3mico, social y los efectos negativos del cambio clim\u00e1tico.<\/p>\n\n\n\n<p><strong>Segundo,<\/strong>&nbsp;factores externos como las medidas coercitivas unilaterales de naturaleza indiscriminada afectan negativamente a poblaciones enteras y en mayor medida a las personas que de comunidades m\u00e1s vulnerables.<\/p>\n\n\n\n<p><strong>Tercero,<\/strong>&nbsp;enfrentar conjuntamente la realidad migratoria bajo el enfoque de derechos humanos, priorizando en todo momento el bienestar de nuestros pueblos requiere de responsabilidad compartida y cooperaci\u00f3n para lograr resultados a partir de abordar las causas estructurales y los flujos migratorios, los cuales deben ser gestionados conjuntamente entre los pa\u00edses de origen, tr\u00e1nsito, destino y retorno.<\/p>\n\n\n\n<p><strong>A la luz de lo anterior, acordamos:<\/strong><\/p>\n\n\n\n<p><strong>Primero.<\/strong>&nbsp;Elaborar un plan de acci\u00f3n de desarrollo basado en los objetivos prioritarios y entendiendo las realidades de cada pa\u00eds para atender las causas estructurales de la migraci\u00f3n irregular en la regi\u00f3n.<\/p>\n\n\n\n<p><strong>En este sentido, se acordaron las siguientes \u00e1reas prioritarias<\/strong>:<\/p>\n\n\n\n<ol class=\"wp-block-list\"><li>Autosuficiencia y soberan\u00eda alimentaria con la cooperaci\u00f3n del sector agr\u00edcola.<\/li><li>Protecci\u00f3n, conservaci\u00f3n y restauraci\u00f3n del medio ambiente.<\/li><li>Empleo digno, educaci\u00f3n y desarrollo de capacidades t\u00e9cnicas y tecnol\u00f3gicas.<\/li><li>Seguridad energ\u00e9tica, incluyendo energ\u00edas renovables de avances hac\u00eda la descarbonizaci\u00f3n, autosuficiencia sanitaria y comercio e inversi\u00f3n intrarregional para el desarrollo socioecon\u00f3mico.<\/li><li>Combate al crimen organizado trasnacional, al tr\u00e1fico de personas, la corrupci\u00f3n, fomentando la cooperaci\u00f3n en seguridad.<\/li><\/ol>\n\n\n\n<p>Para tan efecto, M\u00e9xico pondr\u00e1 a disposici\u00f3n inmediata a los pa\u00edses aqu\u00ed reunidos su oferta de cooperaci\u00f3n y asistencia t\u00e9cnica respecto a estas \u00e1reas, a trav\u00e9s de los siguientes programas:<\/p>\n\n\n\n<p>Sembrando Vidas, J\u00f3venes Construyendo El Futuro, Cooperaci\u00f3n en Materia de Petr\u00f3leo, Gas, Electricidad y Energ\u00eda Renovables, la Plataforma de Armonizaci\u00f3n Regulatoria de cara a la creaci\u00f3n de una agencia de medicamentos de Am\u00e9rica Latina y el Caribe.<\/p>\n\n\n\n<p><strong>Segundo,<\/strong>&nbsp;fomentar el comercio intrarregional de bienes y servicios de subsistencia b\u00e1sica promoviendo preferencias arancelarias, el establecimiento de cuotas y la eliminaci\u00f3n de barreras arancelarios.<\/p>\n\n\n\n<p><strong>Tercero,<\/strong>&nbsp;instar a que se levanten las medidas coercitivas unilaterales impuestas a pa\u00edses de la regi\u00f3n, en tanto son contrarias al derecho internacional y tienen grave repercusiones, m\u00e1s all\u00e1 de los pa\u00edses objetivos.<\/p>\n\n\n\n<p><strong>Cuarto,<\/strong>&nbsp;exhortar a que los pa\u00edses de origen, transito y destino implementen pol\u00edticas migratorias integrales que respeten el derecho humano a migrar, resguardando la vida y dignidad de las personas migrantes y sus familiares e incluyendo la promoci\u00f3n de opciones de regularizaci\u00f3n permanente que permitan potenciar las contribuciones de las di\u00e1sporas en sus comunidades de origen y destino.<\/p>\n\n\n\n<p><strong>Quinto,<\/strong>&nbsp;hacer un llamado a que los pa\u00edses de destino adopten pol\u00edticas y pr\u00e1cticas migratorias acordes con la realidad actual de nuestra regi\u00f3n y abandonen aquellas inconsistentes y selectivas, para evitar producir arbitrariamente, tanto efectos llamadas, como efectos disuasivos, tales como la regularizaci\u00f3n de ciertas nacionalidades.<\/p>\n\n\n\n<p><strong>Sexto,<\/strong>&nbsp;contribuir decididamente, conforme a las capacidades de cada pa\u00eds, a apoyar a la Rep\u00fablica de Hait\u00ed en sus esfuerzos, junto a la comunidad internacional y las Naciones Unidas en particular, a fin de restablecer un entorno de seguridad humana para la normalizaci\u00f3n de la situaci\u00f3n pol\u00edtica, econ\u00f3mica y social, con un enfoque de desarrollo sostenible.<\/p>\n\n\n\n<p><strong>S\u00e9ptimo<\/strong>, proponer esfuerzos coordinados para replantear la arquitectura financiera internacional de la deuda soberana, a fin de permitir a los pa\u00edses, particularmente, los de ingreso medio, alcanzar mayores niveles de desarrollo, cerrar las brechas sociales y reducir la intenci\u00f3n de migrar, tales como el cambio de deuda universal por autosuficiencia alimentaria, servicios ambientales y acci\u00f3n clim\u00e1tica.<\/p>\n\n\n\n<p><strong>Octavo,<\/strong>&nbsp;solicitar a los pa\u00edses de destino la ampliaci\u00f3n de las v\u00edas regulares ordenadas y seguras de migraci\u00f3n, con especial \u00e9nfasis en la movilidad laboral y promover la reintegraci\u00f3n y el retorno de los trabajadores temporales.<\/p>\n\n\n\n<p><strong>Noveno,<\/strong>&nbsp;instar a un di\u00e1logo integral sobre las relaciones bilaterales entre los pa\u00edses de origen, tr\u00e1nsito, destino y retorno.<\/p>\n\n\n\n<p><strong>D\u00e9cimo,<\/strong>&nbsp;fortalecer el trabajo coordinado con los organismos internacionales para atender a las personas que se encuentren en necesidades especiales de protecci\u00f3n en su trayecto de movilidad humana, priorizando a mujeres, ni\u00f1as y ni\u00f1os.<\/p>\n\n\n\n<p><strong>Onceavo,<\/strong>&nbsp;profundizar las relaciones de cooperaci\u00f3n Sur \u2013 Sur y triangular en la regi\u00f3n, encaminadas a fortalecer las pol\u00edticas migratorias, con un enfoque de derechos humanos, con miras a un trasmito seguro, protegiendo a las personas frente a actividades il\u00edcitas.<\/p>\n\n\n\n<p><strong>Doce,<\/strong>&nbsp;continuar el di\u00e1logo franco y al m\u00e1s alto nivel sobre estos asuntos y acuerdos a trav\u00e9s de un grupo de trabajo, a cargo de las canciller\u00edas, con miras a la implementaci\u00f3n de soluciones, con una estrategia de intercambio de informaci\u00f3n y de acuerdo con la legislaci\u00f3n de cada pa\u00eds.<\/p>\n\n\n\n<p><strong>Trece,<\/strong>&nbsp;vincular estos acuerdos con el encuentro de alto nivel sobre migraci\u00f3n y desarrollo de Am\u00e9rica Latina y el Caribe, propuesto por Colombia y M\u00e9xico, que integre los mecanismos regionales y subregionales a realizarse el primer trimestre de 2024.<\/p>\n\n\n\n<p><strong>Los jefes de Estado y de Gobierno acordaron agregar un ac\u00e1pite adicional que lee:<\/strong>&nbsp;proponer a los gobiernos de Cuba y Estados Unidos a sostener en el menor tiempo posible un di\u00e1logo integral sobre sus relaciones bilaterales.<\/p>\n\n\n\n<p><strong>Prensa Presidencial \/ Ana\u00eds P\u00e9rez<\/strong><\/p>\n","protected":false},"excerpt":{"rendered":"<p>Chiapas, M\u00e9xico. \u2013&nbsp;En el Encuentro de Palenque por una vecindad fraterna y con bienestar, convocado por el presidente mexicano, Andr\u00e9s Manuel L\u00f3pez Obrador, Los jefes y jefas de Estado y de Gobierno y de delegaci\u00f3n de Belice, Colombia, Costa Rica, Cuba, El Salvador, Hait\u00ed, Honduras, M\u00e9xico, Panam\u00e1 y Venezuela, acordaron comunicado conjunto que perfila los [&hellip;]<\/p>\n","protected":false},"author":6,"featured_media":7432,"comment_status":"open","ping_status":"open","sticky":false,"template":"","format":"standard","meta":{"footnotes":""},"categories":[18,7],"tags":[],"class_list":["post-7431","post","type-post","status-publish","format-standard","has-post-thumbnail","hentry","category-noticias-principales","category-notas-de-prensa"],"_links":{"self":[{"href":"https:\/\/prensapresidencialvenezuela.gob.ve\/index.php\/wp-json\/wp\/v2\/posts\/7431","targetHints":{"allow":["GET"]}}],"collection":[{"href":"https:\/\/prensapresidencialvenezuela.gob.ve\/index.php\/wp-json\/wp\/v2\/posts"}],"about":[{"href":"https:\/\/prensapresidencialvenezuela.gob.ve\/index.php\/wp-json\/wp\/v2\/types\/post"}],"author":[{"embeddable":true,"href":"https:\/\/prensapresidencialvenezuela.gob.ve\/index.php\/wp-json\/wp\/v2\/users\/6"}],"replies":[{"embeddable":true,"href":"https:\/\/prensapresidencialvenezuela.gob.ve\/index.php\/wp-json\/wp\/v2\/comments?post=7431"}],"version-history":[{"count":1,"href":"https:\/\/prensapresidencialvenezuela.gob.ve\/index.php\/wp-json\/wp\/v2\/posts\/7431\/revisions"}],"predecessor-version":[{"id":7433,"href":"https:\/\/prensapresidencialvenezuela.gob.ve\/index.php\/wp-json\/wp\/v2\/posts\/7431\/revisions\/7433"}],"wp:featuredmedia":[{"embeddable":true,"href":"https:\/\/prensapresidencialvenezuela.gob.ve\/index.php\/wp-json\/wp\/v2\/media\/7432"}],"wp:attachment":[{"href":"https:\/\/prensapresidencialvenezuela.gob.ve\/index.php\/wp-json\/wp\/v2\/media?parent=7431"}],"wp:term":[{"taxonomy":"category","embeddable":true,"href":"https:\/\/prensapresidencialvenezuela.gob.ve\/index.php\/wp-json\/wp\/v2\/categories?post=7431"},{"taxonomy":"post_tag","embeddable":true,"href":"https:\/\/prensapresidencialvenezuela.gob.ve\/index.php\/wp-json\/wp\/v2\/tags?post=7431"}],"curies":[{"name":"wp","href":"https:\/\/api.w.org\/{rel}","templated":true}]}}