{"id":7434,"date":"2023-10-22T19:58:00","date_gmt":"2023-10-22T19:58:00","guid":{"rendered":"http:\/\/172.27.0.121\/?p=7434"},"modified":"2023-10-23T20:08:22","modified_gmt":"2023-10-23T20:08:22","slug":"colombia-aboga-por-actualizar-las-instituciones-a-partir-del-dialogo-regional","status":"publish","type":"post","link":"https:\/\/prensapresidencialvenezuela.gob.ve\/index.php\/2023\/10\/22\/colombia-aboga-por-actualizar-las-instituciones-a-partir-del-dialogo-regional\/","title":{"rendered":"Colombia aboga por actualizar las instituciones a partir del di\u00e1logo regional"},"content":{"rendered":"\n<p><strong>Chiapas, M\u00e9xico.-&nbsp;<\/strong>Al t\u00e9rmino de la plenaria del&nbsp;<em>Encuentro de Palenque: Por una vecindad fraterna y con bienestar<\/em>, que se realiza en M\u00e9xico, el canciller de Colombia, \u00c1lvaro Leyva Dur\u00e1n, se\u00f1al\u00f3 la necesidad de \u201cactualizar nuestras instituciones\u201d \u2013a partir de mecanismos de di\u00e1logo regional- para atender con eficiencia las causas del fen\u00f3meno migratorio.<\/p>\n\n\n\n<p>\u201cDec\u00eda el secretario general de la ONU en la Asamblea General: \u2018Los hechos hoy van a una velocidad tremenda, las instituciones no\u2019. Tenemos que actualizar nuestras instituciones y eso se hace a trav\u00e9s de mecanismos de conversaci\u00f3n como el que culminamos el d\u00eda de hoy\u201d, puntualiz\u00f3 desde Palenque, ubicado en el estado de Chiapas.<\/p>\n\n\n\n<p>En relaci\u00f3n al debate sobre la migraci\u00f3n planteado durante el&nbsp;<em>Encuentro de Palenque: Por una vecindad fraterna y con bienestar<\/em>, se\u00f1al\u00f3 que deben analizarse \u2013en su conjunto- las fases del fen\u00f3meno, identificando \u201corigen, paso medio y por qu\u00e9 se va a d\u00f3nde se va\u201d.<\/p>\n\n\n\n<p>Al respecto, valor\u00f3 positivamente la articulaci\u00f3n entre los gobiernos de Colombia y Venezuela para abordar situaciones de inter\u00e9s com\u00fan.<\/p>\n\n\n\n<p>\u201cSon fases que debemos analizar conjuntamente y hacerlo tan r\u00e1pidamente c\u00f3mo han acontecido los hechos en Venezuela: cuando el Presidente (Gustavo) Petro se posesion\u00f3, Colombia no ten\u00eda relaciones con Venezuela y f\u00edjense en lo que va despu\u00e9s de aterrizar y establecer la realidad (\u2026) que ha sucedido en el \u00faltimo a\u00f1o en Venezuela, el mundo lo est\u00e1 aplaudiendo\u201d, agreg\u00f3 Leyva Dur\u00e1n, al tiempo que subray\u00f3 la presencia del presidente de la Rep\u00fablica, Nicol\u00e1s Maduro, en el di\u00e1logo convocado por Andr\u00e9s Manuel L\u00f3pez Obrador.<\/p>\n\n\n\n<p>Sobre las iniciativas que derivan del Encuentro de Palenque, detall\u00f3 que, al tener como elemento com\u00fan la regi\u00f3n del Dari\u00e9n, los gobiernos de Colombia y Panam\u00e1 van \u201ca se\u00f1alarle al mundo que eso que llaman la selva es un ente nuestro\u201d, raz\u00f3n por la cual definir\u00e1n acciones para protegerlo de los grupos delincuenciales que all\u00ed hacen vida.<\/p>\n\n\n\n<p>\u201cSabemos qu\u00e9 hacen las mafias, sabemos cu\u00e1les son las mafias. Las mafias son unas industrias pecaminosas, horribles, de tal manera que vamos a proteger ese sujeto de derecho que es la selva nuestra y de all\u00ed propondremos a los dem\u00e1s algunas iniciativas\u201d, explic\u00f3.<\/p>\n\n\n\n<p>Por otro lado, Leyva Dur\u00e1n adelant\u00f3 que, personalmente, visitar\u00e1 en el mes de noviembre la Rep\u00fablica de Hait\u00ed en una acci\u00f3n de solidaridad y reconocimiento que, adem\u00e1s, \u201crescata nuestra historia: de all\u00ed sali\u00f3 Bol\u00edvar, de all\u00ed sali\u00f3&nbsp; Miranda con nuestra bandera, all\u00e1 se liberaron a los esclavos\u201d.<\/p>\n\n\n\n<p>\u201cSer\u00e1 una visita de apoyo y vamos a convertiros en una cabeza de playa para darle la mano a Hait\u00ed que tanto le debemos. Hait\u00ed es nuestra, la vamos a abrazar y proteger\u201d, apunt\u00f3.<\/p>\n\n\n\n<p><strong>Prensa Presidencial \/ Karelis Gonz\u00e1lez<\/strong><\/p>\n","protected":false},"excerpt":{"rendered":"<p>Chiapas, M\u00e9xico.-&nbsp;Al t\u00e9rmino de la plenaria del&nbsp;Encuentro de Palenque: Por una vecindad fraterna y con bienestar, que se realiza en M\u00e9xico, el canciller de Colombia, \u00c1lvaro Leyva Dur\u00e1n, se\u00f1al\u00f3 la necesidad de \u201cactualizar nuestras instituciones\u201d \u2013a partir de mecanismos de di\u00e1logo regional- para atender con eficiencia las causas del fen\u00f3meno migratorio. \u201cDec\u00eda el secretario general [&hellip;]<\/p>\n","protected":false},"author":6,"featured_media":7435,"comment_status":"open","ping_status":"open","sticky":false,"template":"","format":"standard","meta":{"footnotes":""},"categories":[18,7],"tags":[],"class_list":["post-7434","post","type-post","status-publish","format-standard","has-post-thumbnail","hentry","category-noticias-principales","category-notas-de-prensa"],"_links":{"self":[{"href":"https:\/\/prensapresidencialvenezuela.gob.ve\/index.php\/wp-json\/wp\/v2\/posts\/7434","targetHints":{"allow":["GET"]}}],"collection":[{"href":"https:\/\/prensapresidencialvenezuela.gob.ve\/index.php\/wp-json\/wp\/v2\/posts"}],"about":[{"href":"https:\/\/prensapresidencialvenezuela.gob.ve\/index.php\/wp-json\/wp\/v2\/types\/post"}],"author":[{"embeddable":true,"href":"https:\/\/prensapresidencialvenezuela.gob.ve\/index.php\/wp-json\/wp\/v2\/users\/6"}],"replies":[{"embeddable":true,"href":"https:\/\/prensapresidencialvenezuela.gob.ve\/index.php\/wp-json\/wp\/v2\/comments?post=7434"}],"version-history":[{"count":1,"href":"https:\/\/prensapresidencialvenezuela.gob.ve\/index.php\/wp-json\/wp\/v2\/posts\/7434\/revisions"}],"predecessor-version":[{"id":7436,"href":"https:\/\/prensapresidencialvenezuela.gob.ve\/index.php\/wp-json\/wp\/v2\/posts\/7434\/revisions\/7436"}],"wp:featuredmedia":[{"embeddable":true,"href":"https:\/\/prensapresidencialvenezuela.gob.ve\/index.php\/wp-json\/wp\/v2\/media\/7435"}],"wp:attachment":[{"href":"https:\/\/prensapresidencialvenezuela.gob.ve\/index.php\/wp-json\/wp\/v2\/media?parent=7434"}],"wp:term":[{"taxonomy":"category","embeddable":true,"href":"https:\/\/prensapresidencialvenezuela.gob.ve\/index.php\/wp-json\/wp\/v2\/categories?post=7434"},{"taxonomy":"post_tag","embeddable":true,"href":"https:\/\/prensapresidencialvenezuela.gob.ve\/index.php\/wp-json\/wp\/v2\/tags?post=7434"}],"curies":[{"name":"wp","href":"https:\/\/api.w.org\/{rel}","templated":true}]}}