{"id":7437,"date":"2023-10-22T20:09:00","date_gmt":"2023-10-22T20:09:00","guid":{"rendered":"http:\/\/172.27.0.121\/?p=7437"},"modified":"2023-10-23T20:14:35","modified_gmt":"2023-10-23T20:14:35","slug":"venezuela-condena-instrumentalizacion-de-la-migracion-con-fines-politicos","status":"publish","type":"post","link":"https:\/\/prensapresidencialvenezuela.gob.ve\/index.php\/2023\/10\/22\/venezuela-condena-instrumentalizacion-de-la-migracion-con-fines-politicos\/","title":{"rendered":"Venezuela condena instrumentalizaci\u00f3n de la migraci\u00f3n con fines pol\u00edticos"},"content":{"rendered":"\n<p><strong>Chiapas, M\u00e9xico.-<\/strong>&nbsp;A la salida de la plenaria del Encuentro del Palenque, los cancilleres de las naciones participantes ofrecieron declaraciones a los medios de comunicaci\u00f3n, desde el Centro de Atenci\u00f3n al Visitante, ubicado en Palenque, M\u00e9xico.<\/p>\n\n\n\n<p>En este contexto, el canciller de la Rep\u00fablica Bolivariana de Venezuela, Yv\u00e1n Gil, conden\u00f3 la mercantilizaci\u00f3n y la instrumentalizaci\u00f3n con fines pol\u00edticos de la migraci\u00f3n.<\/p>\n\n\n\n<p>\u00abEl d\u00eda de hoy nuestros Presidentes han tratado este tema trascendental en Am\u00e9rica Latina. La migraci\u00f3n es un fen\u00f3meno que debe ser atendido de acuerdo al Derecho Internacional y que de ninguna manera debe ser instrumentalizado con fines pol\u00edticos\u00bb, refiri\u00f3.<\/p>\n\n\n\n<p>Insisti\u00f3 en la necesidad de trabajar para mitigar el origen que causa la migraci\u00f3n de los venezolanos, entre las que destac\u00f3 las medidas coercitivas unilaterales.<\/p>\n\n\n\n<p>\u00abLos distintos Gobiernos se han comprometido a brindar un trato digno a los migrantes\u00bb, agrego.<\/p>\n\n\n\n<p>Para el Ministro de Relaciones Exteriores venezolano, la Declaraci\u00f3n de Palenque marcar\u00e1 un antes y un despu\u00e9s en las pol\u00edticas relacionadas con la migraci\u00f3n.<\/p>\n\n\n\n<p>\u00abA partir de hoy iniciar\u00e1 una agenda intensa entre nuestros pa\u00edses. Hemos dado un paso importante y hemos coincidido en atender las causas de la migraci\u00f3n y en garantizar los derechos a nuestros migrantes\u201d.<\/p>\n\n\n\n<p><strong>Prensa Presidencial \/ Karla Cotoret<\/strong><\/p>\n","protected":false},"excerpt":{"rendered":"<p>Chiapas, M\u00e9xico.-&nbsp;A la salida de la plenaria del Encuentro del Palenque, los cancilleres de las naciones participantes ofrecieron declaraciones a los medios de comunicaci\u00f3n, desde el Centro de Atenci\u00f3n al Visitante, ubicado en Palenque, M\u00e9xico. En este contexto, el canciller de la Rep\u00fablica Bolivariana de Venezuela, Yv\u00e1n Gil, conden\u00f3 la mercantilizaci\u00f3n y la instrumentalizaci\u00f3n con [&hellip;]<\/p>\n","protected":false},"author":6,"featured_media":7438,"comment_status":"open","ping_status":"open","sticky":false,"template":"","format":"standard","meta":{"footnotes":""},"categories":[18,7],"tags":[],"class_list":["post-7437","post","type-post","status-publish","format-standard","has-post-thumbnail","hentry","category-noticias-principales","category-notas-de-prensa"],"_links":{"self":[{"href":"https:\/\/prensapresidencialvenezuela.gob.ve\/index.php\/wp-json\/wp\/v2\/posts\/7437","targetHints":{"allow":["GET"]}}],"collection":[{"href":"https:\/\/prensapresidencialvenezuela.gob.ve\/index.php\/wp-json\/wp\/v2\/posts"}],"about":[{"href":"https:\/\/prensapresidencialvenezuela.gob.ve\/index.php\/wp-json\/wp\/v2\/types\/post"}],"author":[{"embeddable":true,"href":"https:\/\/prensapresidencialvenezuela.gob.ve\/index.php\/wp-json\/wp\/v2\/users\/6"}],"replies":[{"embeddable":true,"href":"https:\/\/prensapresidencialvenezuela.gob.ve\/index.php\/wp-json\/wp\/v2\/comments?post=7437"}],"version-history":[{"count":1,"href":"https:\/\/prensapresidencialvenezuela.gob.ve\/index.php\/wp-json\/wp\/v2\/posts\/7437\/revisions"}],"predecessor-version":[{"id":7439,"href":"https:\/\/prensapresidencialvenezuela.gob.ve\/index.php\/wp-json\/wp\/v2\/posts\/7437\/revisions\/7439"}],"wp:featuredmedia":[{"embeddable":true,"href":"https:\/\/prensapresidencialvenezuela.gob.ve\/index.php\/wp-json\/wp\/v2\/media\/7438"}],"wp:attachment":[{"href":"https:\/\/prensapresidencialvenezuela.gob.ve\/index.php\/wp-json\/wp\/v2\/media?parent=7437"}],"wp:term":[{"taxonomy":"category","embeddable":true,"href":"https:\/\/prensapresidencialvenezuela.gob.ve\/index.php\/wp-json\/wp\/v2\/categories?post=7437"},{"taxonomy":"post_tag","embeddable":true,"href":"https:\/\/prensapresidencialvenezuela.gob.ve\/index.php\/wp-json\/wp\/v2\/tags?post=7437"}],"curies":[{"name":"wp","href":"https:\/\/api.w.org\/{rel}","templated":true}]}}