{"id":7440,"date":"2023-10-22T20:15:00","date_gmt":"2023-10-22T20:15:00","guid":{"rendered":"http:\/\/172.27.0.121\/?p=7440"},"modified":"2023-10-23T20:33:34","modified_gmt":"2023-10-23T20:33:34","slug":"canciller-gil-medidas-coercitivas-unilaterales-son-elemento-generador-de-migracion-irregular","status":"publish","type":"post","link":"https:\/\/prensapresidencialvenezuela.gob.ve\/index.php\/2023\/10\/22\/canciller-gil-medidas-coercitivas-unilaterales-son-elemento-generador-de-migracion-irregular\/","title":{"rendered":"Canciller Gil: Medidas coercitivas unilaterales son elemento generador de migraci\u00f3n irregular"},"content":{"rendered":"\n<p><strong>Chiapas, M\u00e9xico.-<\/strong>&nbsp;L\u00edderes latinoamericanos condenaron la imposici\u00f3n de medidas coercitivas unilaterales impuestas a la Rep\u00fablica Bolivariana de Venezuela, al destacar que forman parte de los factores que inciden en la generaci\u00f3n de migraci\u00f3n irregular en la regi\u00f3n.<\/p>\n\n\n\n<p>As\u00ed lo dio a conocer el canciller venezolano, Yv\u00e1n Gil, al referirse, ante los medios de comunicaci\u00f3n, a los elementos centrales abordados durante el Encuentro de Palenque por una vecindad fraterna y con bienestar, realizado este domingo en el estado de Chiapas, M\u00e9xico.<\/p>\n\n\n\n<p>\u201cQueremos destacar el apoyo que hemos tenido de todos los Mandatarios y Jefes de Estado y Gobierno en condenar las medidas coercitivas unilaterales como uno de los elementos m\u00e1s perniciosos en el momento de generar la migraci\u00f3n irregular en nuestro continente\u201d, apunt\u00f3.<\/p>\n\n\n\n<p>Gil mencion\u00f3 que atender las causas, consecuencias de los efectos y proteger los migrantes en Am\u00e9rica Latina es un tema prioritario para los Gobiernos de Am\u00e9rica Latina.<\/p>\n\n\n\n<p>\u201cLa migraci\u00f3n, bajo ning\u00fan concepto, debe ser instrumentalizada con fines pol\u00edticos, creo que el d\u00eda de hoy marca un punto de inflexi\u00f3n, viendo a los Mandatarios comprometerse en un documento y declaraci\u00f3n donde se enaltece una serie de puntos sumamente importantes\u201d, destac\u00f3 el Ministro de Relaciones Exteriores de Venezuela.<\/p>\n\n\n\n<p>Asimismo, Gil Pinto puntualiz\u00f3 que el encuentro de Jefes, Jefas de Estado y representantes latinoamericanos permiti\u00f3 establecer una agenda de trabajo en funci\u00f3n de derrotar y mitigar el origen que causa la migraci\u00f3n, as\u00ed como tambi\u00e9n la movilizaci\u00f3n irregular de ciudadanos y ciudadanas en Am\u00e9rica Latina y el Caribe.<\/p>\n\n\n\n<p>En este orden de ideas, asever\u00f3 que los Gobiernos se han comprometido en garantizar un trato digno a los migrantes, \u201cun trato acorde al derecho internacional de nuestros ciudadanos y ciudadanas\u201d.<\/p>\n\n\n\n<p>El Canciller conden\u00f3 que la migraci\u00f3n sea utilizada como fen\u00f3meno para constituir bandas criminales y organizaciones delictivas, \u201cque han estado lucr\u00e1ndose con el tema de la migraci\u00f3n\u201d.<\/p>\n\n\n\n<p>De igual modo, se\u00f1al\u00f3 que Estados Unidos ha promovido pol\u00edticas erradas en esta materia.<\/p>\n\n\n\n<p>\u201cEl est\u00edmulo a la migraci\u00f3n tambi\u00e9n ha sido ocasionado desde los pa\u00edses de acogida, sobre todo Estados Unidos que ha dise\u00f1ado pol\u00edticas err\u00e1ticas (\u2026) estamos pidiendo pol\u00edticas m\u00e1s acertadas por los derechos de los migrantes y una pol\u00edtica m\u00e1s coherente en materia de migraci\u00f3n en general\u201d, enfatiz\u00f3.<\/p>\n\n\n\n<p>Finalmente, aplaudi\u00f3 la aprobaci\u00f3n de propuestas que permitan la promoci\u00f3n de pol\u00edticas migratorias que apunten a la seguridad y garant\u00eda social de los ciudadanos y ciudadanas.<\/p>\n\n\n\n<p><strong>Prensa Presidencial \/ Joelin Jim\u00e9nez<\/strong><\/p>\n","protected":false},"excerpt":{"rendered":"<p>Chiapas, M\u00e9xico.-&nbsp;L\u00edderes latinoamericanos condenaron la imposici\u00f3n de medidas coercitivas unilaterales impuestas a la Rep\u00fablica Bolivariana de Venezuela, al destacar que forman parte de los factores que inciden en la generaci\u00f3n de migraci\u00f3n irregular en la regi\u00f3n. As\u00ed lo dio a conocer el canciller venezolano, Yv\u00e1n Gil, al referirse, ante los medios de comunicaci\u00f3n, a los [&hellip;]<\/p>\n","protected":false},"author":6,"featured_media":7441,"comment_status":"open","ping_status":"open","sticky":false,"template":"","format":"standard","meta":{"footnotes":""},"categories":[18,7],"tags":[],"class_list":["post-7440","post","type-post","status-publish","format-standard","has-post-thumbnail","hentry","category-noticias-principales","category-notas-de-prensa"],"_links":{"self":[{"href":"https:\/\/prensapresidencialvenezuela.gob.ve\/index.php\/wp-json\/wp\/v2\/posts\/7440","targetHints":{"allow":["GET"]}}],"collection":[{"href":"https:\/\/prensapresidencialvenezuela.gob.ve\/index.php\/wp-json\/wp\/v2\/posts"}],"about":[{"href":"https:\/\/prensapresidencialvenezuela.gob.ve\/index.php\/wp-json\/wp\/v2\/types\/post"}],"author":[{"embeddable":true,"href":"https:\/\/prensapresidencialvenezuela.gob.ve\/index.php\/wp-json\/wp\/v2\/users\/6"}],"replies":[{"embeddable":true,"href":"https:\/\/prensapresidencialvenezuela.gob.ve\/index.php\/wp-json\/wp\/v2\/comments?post=7440"}],"version-history":[{"count":1,"href":"https:\/\/prensapresidencialvenezuela.gob.ve\/index.php\/wp-json\/wp\/v2\/posts\/7440\/revisions"}],"predecessor-version":[{"id":7442,"href":"https:\/\/prensapresidencialvenezuela.gob.ve\/index.php\/wp-json\/wp\/v2\/posts\/7440\/revisions\/7442"}],"wp:featuredmedia":[{"embeddable":true,"href":"https:\/\/prensapresidencialvenezuela.gob.ve\/index.php\/wp-json\/wp\/v2\/media\/7441"}],"wp:attachment":[{"href":"https:\/\/prensapresidencialvenezuela.gob.ve\/index.php\/wp-json\/wp\/v2\/media?parent=7440"}],"wp:term":[{"taxonomy":"category","embeddable":true,"href":"https:\/\/prensapresidencialvenezuela.gob.ve\/index.php\/wp-json\/wp\/v2\/categories?post=7440"},{"taxonomy":"post_tag","embeddable":true,"href":"https:\/\/prensapresidencialvenezuela.gob.ve\/index.php\/wp-json\/wp\/v2\/tags?post=7440"}],"curies":[{"name":"wp","href":"https:\/\/api.w.org\/{rel}","templated":true}]}}