{"id":7526,"date":"2023-10-27T17:42:00","date_gmt":"2023-10-27T17:42:00","guid":{"rendered":"http:\/\/172.27.0.121\/?p=7526"},"modified":"2023-10-30T17:49:28","modified_gmt":"2023-10-30T17:49:28","slug":"presidente-maduro-pasemos-la-pagina-del-tiempo-de-las-sanciones","status":"publish","type":"post","link":"https:\/\/prensapresidencialvenezuela.gob.ve\/index.php\/2023\/10\/27\/presidente-maduro-pasemos-la-pagina-del-tiempo-de-las-sanciones\/","title":{"rendered":"Presidente Maduro: Pasemos la p\u00e1gina del tiempo de las sanciones"},"content":{"rendered":"\n<p><strong>Hotel Eurobuilding, estado Miranda.-&nbsp;<\/strong>El presidente de la Rep\u00fablica Bolivariana de Venezuela, afirm\u00f3 en el marco de la Conferencia Nacional por el Di\u00e1logo, la Paz y la Convivencia en ratificaci\u00f3n de los Acuerdos en Barbados, que \u201cya es hora de pasar la p\u00e1gina y el tiempo de las sanciones\u201d.<\/p>\n\n\n\n<p>\u201cEs nuestra m\u00e1xima aspiraci\u00f3n y lo vamos a lograr y lo dije recientemente en Palenque, M\u00e9xico, y se lo promet\u00ed al presidente de M\u00e9xico, -Andr\u00e9s Manuel-&nbsp;L\u00f3pez Obrador y se lo digo a la sociedad venezolana en el marco de esta Conferencia Nacional por el Di\u00e1logo, la Paz y la Convivencia en ratificaci\u00f3n de los Acuerdos en Barbados, &nbsp;que una vez que se levanten todas las sanciones &nbsp;contra Venezuela, &nbsp;&nbsp;yo garantizo y le doy mi palabra que en un a\u00f1o a partir&nbsp; de ese momento nosotros revertiremos todas las corrientes migratorias.<\/p>\n\n\n\n<p>El presidente Nicol\u00e1s Maduro igualmente se\u00f1al\u00f3 que en este nuevo acuerdo de Di\u00e1logo de Paz en Barbados entre el Gobierno y los sectores de la oposici\u00f3n que \u201cnuestras manos est\u00e1n abiertas al respeto y a la b\u00fasqueda del consenso &nbsp;de los entendimientos en funci\u00f3n de cumplir con un nuevo modelo econ\u00f3mico que garantice el sostenimiento de nuestra Patria\u201d.<\/p>\n\n\n\n<p>Fue enf\u00e1tico al decir que los misiles de las sanciones no fueron dirigidas solamente al presidente de Venezuela, sino a todos y cada uno de los venezolanos y venezolanas, &nbsp;pues las inversiones en vivienda, salud y educaci\u00f3n se vinieron abajo, &nbsp;pero&nbsp; sin embargo hubo una lucha tit\u00e1nica por mantener al pa\u00eds adelante.<\/p>\n\n\n\n<p>\u201cTodo mi apoyo para el levantamiento de las sanciones, nosotros hemos dado pasos gigantes en el campo de la diplomacia para ir logrando que Venezuela se respete y esta reuni\u00f3n debe servir para un gran consenso nacional, &nbsp;y lograr con la uni\u00f3n nacional sin violencia que en esta Conferencia vayamos todos juntos por el levantamiento &nbsp;completo de todas y cada una de las sanciones\u00bb.<\/p>\n\n\n\n<p><strong>Prensa Presidencial \/ Orlando Ruiz<\/strong><\/p>\n","protected":false},"excerpt":{"rendered":"<p>Hotel Eurobuilding, estado Miranda.-&nbsp;El presidente de la Rep\u00fablica Bolivariana de Venezuela, afirm\u00f3 en el marco de la Conferencia Nacional por el Di\u00e1logo, la Paz y la Convivencia en ratificaci\u00f3n de los Acuerdos en Barbados, que \u201cya es hora de pasar la p\u00e1gina y el tiempo de las sanciones\u201d. \u201cEs nuestra m\u00e1xima aspiraci\u00f3n y lo vamos [&hellip;]<\/p>\n","protected":false},"author":6,"featured_media":7527,"comment_status":"open","ping_status":"open","sticky":false,"template":"","format":"standard","meta":{"footnotes":""},"categories":[18,7],"tags":[],"class_list":["post-7526","post","type-post","status-publish","format-standard","has-post-thumbnail","hentry","category-noticias-principales","category-notas-de-prensa"],"_links":{"self":[{"href":"https:\/\/prensapresidencialvenezuela.gob.ve\/index.php\/wp-json\/wp\/v2\/posts\/7526","targetHints":{"allow":["GET"]}}],"collection":[{"href":"https:\/\/prensapresidencialvenezuela.gob.ve\/index.php\/wp-json\/wp\/v2\/posts"}],"about":[{"href":"https:\/\/prensapresidencialvenezuela.gob.ve\/index.php\/wp-json\/wp\/v2\/types\/post"}],"author":[{"embeddable":true,"href":"https:\/\/prensapresidencialvenezuela.gob.ve\/index.php\/wp-json\/wp\/v2\/users\/6"}],"replies":[{"embeddable":true,"href":"https:\/\/prensapresidencialvenezuela.gob.ve\/index.php\/wp-json\/wp\/v2\/comments?post=7526"}],"version-history":[{"count":1,"href":"https:\/\/prensapresidencialvenezuela.gob.ve\/index.php\/wp-json\/wp\/v2\/posts\/7526\/revisions"}],"predecessor-version":[{"id":7529,"href":"https:\/\/prensapresidencialvenezuela.gob.ve\/index.php\/wp-json\/wp\/v2\/posts\/7526\/revisions\/7529"}],"wp:featuredmedia":[{"embeddable":true,"href":"https:\/\/prensapresidencialvenezuela.gob.ve\/index.php\/wp-json\/wp\/v2\/media\/7527"}],"wp:attachment":[{"href":"https:\/\/prensapresidencialvenezuela.gob.ve\/index.php\/wp-json\/wp\/v2\/media?parent=7526"}],"wp:term":[{"taxonomy":"category","embeddable":true,"href":"https:\/\/prensapresidencialvenezuela.gob.ve\/index.php\/wp-json\/wp\/v2\/categories?post=7526"},{"taxonomy":"post_tag","embeddable":true,"href":"https:\/\/prensapresidencialvenezuela.gob.ve\/index.php\/wp-json\/wp\/v2\/tags?post=7526"}],"curies":[{"name":"wp","href":"https:\/\/api.w.org\/{rel}","templated":true}]}}