{"id":7564,"date":"2023-10-25T19:07:00","date_gmt":"2023-10-25T19:07:00","guid":{"rendered":"http:\/\/172.27.0.121\/?p=7564"},"modified":"2023-10-30T19:13:02","modified_gmt":"2023-10-30T19:13:02","slug":"mp-estara-a-cargo-del-registro-unico-de-denuncia-contra-la-violencia-de-la-mujer","status":"publish","type":"post","link":"https:\/\/prensapresidencialvenezuela.gob.ve\/index.php\/2023\/10\/25\/mp-estara-a-cargo-del-registro-unico-de-denuncia-contra-la-violencia-de-la-mujer\/","title":{"rendered":"MP estar\u00e1 a cargo del Registro \u00danico de Denuncia contra la Violencia de la Mujer"},"content":{"rendered":"\n<p><strong>Teatro Teresa Carre\u00f1o, Caracas.-&nbsp;<\/strong>El Ministerio P\u00fablico, a cargo del fiscal general de la Rep\u00fablica, Tarek William Saab, asumir\u00e1 la ejecuci\u00f3n del Registro \u00danico de Alerta y Denuncia contra la Violencia de la Mujer, mecanismo que surge de la Gran Misi\u00f3n Venezuela Mujer.<\/p>\n\n\n\n<p>Al respecto, el presidente de la Rep\u00fablica, Nicol\u00e1s Maduro, recalc\u00f3 que \u201cle he pedido al fiscal \u2013Tarek William Saab- que asuma, desde la Fiscal\u00eda General de la Rep\u00fablica, como viene haci\u00e9ndolo para hacer justicia a favor de la mujer venezolana\u201d.<\/p>\n\n\n\n<p>\u201c(\u2026) Yo s\u00e9 que usted est\u00e1 en todos los temas para garantizar la legalidad frente a quienes pretenden violar la justicia, lo vemos todos los d\u00edas actuando, pero, especialmente, con la apertura de este Registro \u00danico para los temas de violencia, creo que daremos un paso gigantesco para proteger a las mujeres de la violencia vil e inmoral porque la mujer se respeta\u201d, enfatiz\u00f3 desde el Teatro Teresa Carre\u00f1o, ubicado en Caracas.<\/p>\n\n\n\n<p>En este sentido, bajo la premisa \u201csancionar es prevenir\u201d, el fiscal Tarek William Saab se\u00f1al\u00f3 que, a partir de la intervenci\u00f3n del Ministerio P\u00fablico, se contabilizan avances en materia de protecci\u00f3n de los derechos humanos de las mujeres, siendo uno de ellos el castigo con pena m\u00e1xima de c\u00e1rcel del delito de femicidio.<\/p>\n\n\n\n<p>\u201cLa disminuci\u00f3n progresiva del delito en Venezuela, desde los m\u00e1s atroces hasta los conocidos como menos grave, se da cuando hay castigo, cuando act\u00faa la justicia de manera oportuna\u201d, agreg\u00f3.<\/p>\n\n\n\n<p>Saab inform\u00f3 que, en el contexto de la activaci\u00f3n del Registro \u00danico de Alerta y Denuncia contra la Violencia de la Mujer, este jueves se instalar\u00e1 una mesa t\u00e9cnica entre el equipo del Ministerio del Poder Popular para la Mujer y la Igualdad de G\u00e9nero y la Direcci\u00f3n de Protecci\u00f3n a la Familia, Ni\u00f1os, Ni\u00f1as y la Mujer del Ministerio P\u00fablico para que el v\u00e9rtice de la Erradicaci\u00f3n de la Violencia contra la Mujer y la Justicia de G\u00e9nero se convierta en \u201cejemplo para el pa\u00eds\u201d.<\/p>\n\n\n\n<p>\u201cEste v\u00e9rtice es la columna vertebral de este programa \u2013Gran Misi\u00f3n Venezuela Mujer- porque vamos a acorralar, a alejar a ese potencial femicida, a ese agresor\u201d, apunt\u00f3.<\/p>\n\n\n\n<p><strong>Prensa Presidencial \/ Karelis Gonz\u00e1lez<\/strong><\/p>\n","protected":false},"excerpt":{"rendered":"<p>Teatro Teresa Carre\u00f1o, Caracas.-&nbsp;El Ministerio P\u00fablico, a cargo del fiscal general de la Rep\u00fablica, Tarek William Saab, asumir\u00e1 la ejecuci\u00f3n del Registro \u00danico de Alerta y Denuncia contra la Violencia de la Mujer, mecanismo que surge de la Gran Misi\u00f3n Venezuela Mujer. Al respecto, el presidente de la Rep\u00fablica, Nicol\u00e1s Maduro, recalc\u00f3 que \u201cle he [&hellip;]<\/p>\n","protected":false},"author":6,"featured_media":7565,"comment_status":"open","ping_status":"open","sticky":false,"template":"","format":"standard","meta":{"footnotes":""},"categories":[18,7],"tags":[],"class_list":["post-7564","post","type-post","status-publish","format-standard","has-post-thumbnail","hentry","category-noticias-principales","category-notas-de-prensa"],"_links":{"self":[{"href":"https:\/\/prensapresidencialvenezuela.gob.ve\/index.php\/wp-json\/wp\/v2\/posts\/7564","targetHints":{"allow":["GET"]}}],"collection":[{"href":"https:\/\/prensapresidencialvenezuela.gob.ve\/index.php\/wp-json\/wp\/v2\/posts"}],"about":[{"href":"https:\/\/prensapresidencialvenezuela.gob.ve\/index.php\/wp-json\/wp\/v2\/types\/post"}],"author":[{"embeddable":true,"href":"https:\/\/prensapresidencialvenezuela.gob.ve\/index.php\/wp-json\/wp\/v2\/users\/6"}],"replies":[{"embeddable":true,"href":"https:\/\/prensapresidencialvenezuela.gob.ve\/index.php\/wp-json\/wp\/v2\/comments?post=7564"}],"version-history":[{"count":1,"href":"https:\/\/prensapresidencialvenezuela.gob.ve\/index.php\/wp-json\/wp\/v2\/posts\/7564\/revisions"}],"predecessor-version":[{"id":7566,"href":"https:\/\/prensapresidencialvenezuela.gob.ve\/index.php\/wp-json\/wp\/v2\/posts\/7564\/revisions\/7566"}],"wp:featuredmedia":[{"embeddable":true,"href":"https:\/\/prensapresidencialvenezuela.gob.ve\/index.php\/wp-json\/wp\/v2\/media\/7565"}],"wp:attachment":[{"href":"https:\/\/prensapresidencialvenezuela.gob.ve\/index.php\/wp-json\/wp\/v2\/media?parent=7564"}],"wp:term":[{"taxonomy":"category","embeddable":true,"href":"https:\/\/prensapresidencialvenezuela.gob.ve\/index.php\/wp-json\/wp\/v2\/categories?post=7564"},{"taxonomy":"post_tag","embeddable":true,"href":"https:\/\/prensapresidencialvenezuela.gob.ve\/index.php\/wp-json\/wp\/v2\/tags?post=7564"}],"curies":[{"name":"wp","href":"https:\/\/api.w.org\/{rel}","templated":true}]}}