{"id":7569,"date":"2023-10-25T19:22:21","date_gmt":"2023-10-25T19:22:21","guid":{"rendered":"http:\/\/172.27.0.121\/?p=7569"},"modified":"2023-10-31T13:29:10","modified_gmt":"2023-10-31T13:29:10","slug":"activaran-comites-de-bases-para-la-conformacion-de-la-federacion-venezolana-de-mujeres","status":"publish","type":"post","link":"https:\/\/prensapresidencialvenezuela.gob.ve\/index.php\/2023\/10\/25\/activaran-comites-de-bases-para-la-conformacion-de-la-federacion-venezolana-de-mujeres\/","title":{"rendered":"Activar\u00e1n Comit\u00e9s de Bases para la conformaci\u00f3n de la Federaci\u00f3n Venezolana de Mujeres"},"content":{"rendered":"\n<p><strong>Teatro Teresa Carre\u00f1o, Caracas.-&nbsp;<\/strong>Al convocar \u201cun salto en la organizaci\u00f3n\u201d, el presidente de la Rep\u00fablica, Nicol\u00e1s Maduro, instruy\u00f3 la activaci\u00f3n de Comit\u00e9s de Base para avanzar hacia la conformaci\u00f3n de la Federaci\u00f3n Venezolana de Mujeres \u201ccon ra\u00edces profundas en los campos, en los pueblos, en las ciudades, en las comunidades\u201d.<\/p>\n\n\n\n<p>Desde el Teatro Teresa Carre\u00f1o, ubicado en Caracas, exhort\u00f3 a las venezolanas a configurar Comit\u00e9s de Base, integrado por 5 o 10 mujeres, y oficializar su registro a trav\u00e9s del Sistema Patria, donde estar\u00e1 habilitada una pesta\u00f1a de la Gran Misi\u00f3n Venezuela Mujer.<\/p>\n\n\n\n<p>\u201cLlamo a una inscripci\u00f3n general \u2013a trav\u00e9s del Sistema Patria- en el registro de la Gran Misi\u00f3n Venezuela Mujer. Toda mujer que quiera participar, donde est\u00e9, donde me escuche, la llamo a la organizaci\u00f3n de los Comit\u00e9s de Base de Mujeres en Venezuela, a organizar miles de Comit\u00e9s de Base con millones de mujeres\u201d, detall\u00f3.<\/p>\n\n\n\n<p>Por otro lado, en el seno del Movimiento Somos Venezuela, el jefe de Estado anunci\u00f3 el despliegue del Movimiento \u201cSoy Mujer\u201d, que incorporar\u00e1 \u2013en primera etapa- a 50 mil voluntarias en los recorridos casa por casa, comunidad por comunidad, para la supervisi\u00f3n de la ejecuci\u00f3n de los cinco v\u00e9rtices de la Gran Misi\u00f3n Mujer Venezuela.<\/p>\n\n\n\n<p>En el contexto del v\u00e9rtice \u201cMujer protagonista y participativa en la sociedad\u201d, se\u00f1al\u00f3 que para alcanzar los objetivos de la Gran Misi\u00f3n Venezuela Mejor es necesario \u201corganizarse en el territorio, en la base\u201d, raz\u00f3n por la cual apunt\u00f3 que la experiencia acumulada de las mujeres en la consolidaci\u00f3n del socialismo feminista debe desembocar en una poderosa organizaci\u00f3n al 8 de marzo de 2024.<\/p>\n\n\n\n<p><strong>Prensa Presidencial \/ Karelis Gonz\u00e1lez<\/strong><\/p>\n","protected":false},"excerpt":{"rendered":"<p>Teatro Teresa Carre\u00f1o, Caracas.-&nbsp;Al convocar \u201cun salto en la organizaci\u00f3n\u201d, el presidente de la Rep\u00fablica, Nicol\u00e1s Maduro, instruy\u00f3 la activaci\u00f3n de Comit\u00e9s de Base para avanzar hacia la conformaci\u00f3n de la Federaci\u00f3n Venezolana de Mujeres \u201ccon ra\u00edces profundas en los campos, en los pueblos, en las ciudades, en las comunidades\u201d. Desde el Teatro Teresa Carre\u00f1o, [&hellip;]<\/p>\n","protected":false},"author":6,"featured_media":7570,"comment_status":"open","ping_status":"open","sticky":false,"template":"","format":"standard","meta":{"footnotes":""},"categories":[18,7],"tags":[],"class_list":["post-7569","post","type-post","status-publish","format-standard","has-post-thumbnail","hentry","category-noticias-principales","category-notas-de-prensa"],"_links":{"self":[{"href":"https:\/\/prensapresidencialvenezuela.gob.ve\/index.php\/wp-json\/wp\/v2\/posts\/7569","targetHints":{"allow":["GET"]}}],"collection":[{"href":"https:\/\/prensapresidencialvenezuela.gob.ve\/index.php\/wp-json\/wp\/v2\/posts"}],"about":[{"href":"https:\/\/prensapresidencialvenezuela.gob.ve\/index.php\/wp-json\/wp\/v2\/types\/post"}],"author":[{"embeddable":true,"href":"https:\/\/prensapresidencialvenezuela.gob.ve\/index.php\/wp-json\/wp\/v2\/users\/6"}],"replies":[{"embeddable":true,"href":"https:\/\/prensapresidencialvenezuela.gob.ve\/index.php\/wp-json\/wp\/v2\/comments?post=7569"}],"version-history":[{"count":1,"href":"https:\/\/prensapresidencialvenezuela.gob.ve\/index.php\/wp-json\/wp\/v2\/posts\/7569\/revisions"}],"predecessor-version":[{"id":7571,"href":"https:\/\/prensapresidencialvenezuela.gob.ve\/index.php\/wp-json\/wp\/v2\/posts\/7569\/revisions\/7571"}],"wp:featuredmedia":[{"embeddable":true,"href":"https:\/\/prensapresidencialvenezuela.gob.ve\/index.php\/wp-json\/wp\/v2\/media\/7570"}],"wp:attachment":[{"href":"https:\/\/prensapresidencialvenezuela.gob.ve\/index.php\/wp-json\/wp\/v2\/media?parent=7569"}],"wp:term":[{"taxonomy":"category","embeddable":true,"href":"https:\/\/prensapresidencialvenezuela.gob.ve\/index.php\/wp-json\/wp\/v2\/categories?post=7569"},{"taxonomy":"post_tag","embeddable":true,"href":"https:\/\/prensapresidencialvenezuela.gob.ve\/index.php\/wp-json\/wp\/v2\/tags?post=7569"}],"curies":[{"name":"wp","href":"https:\/\/api.w.org\/{rel}","templated":true}]}}