{"id":7572,"date":"2023-10-24T19:23:00","date_gmt":"2023-10-24T19:23:00","guid":{"rendered":"http:\/\/172.27.0.121\/?p=7572"},"modified":"2024-04-23T20:31:05","modified_gmt":"2024-04-24T00:31:05","slug":"warairarepano-una-aventura-extrema-en-las-alturas","status":"publish","type":"post","link":"https:\/\/prensapresidencialvenezuela.gob.ve\/index.php\/2023\/10\/24\/warairarepano-una-aventura-extrema-en-las-alturas\/","title":{"rendered":"Warairarepano: Una aventura extrema en las alturas"},"content":{"rendered":"\n<p>En los \u00faltimos a\u00f1os, el turismo venezolano ha venido transform\u00e1ndose en aras de garantizar el derecho a la recreaci\u00f3n y espacios de esparcimiento para la familia venezolana, adem\u00e1s de promover el turismo internacional como elemento innovador para incrementar la econom\u00eda en el pa\u00eds.<\/p>\n\n\n\n<p>Una muestra de esta transformaci\u00f3n es la puesta en mar- cha de la \u00abCabina Extrema\u00bb o \u00abCabina de Visi\u00f3n Extrema\u00bb del Sistema Telef\u00e9rico Warairarepano, ubicado en Caracas.<\/p>\n\n\n\n<p>A continuaci\u00f3n, el folleto \u00edntegro:\u00a0<\/p>\n\n\n\n<div class=\"wp-block-file\"><a id=\"wp-block-file--media-6b3abe1c-712f-4824-8f19-a1e66ce50bc0\" href=\"https:\/\/prensapresidencialvenezuela.gob.ve\/wp-content\/uploads\/2024\/04\/CABINA-EXTREMA.pdf\">CABINA-EXTREMA<\/a><a href=\"https:\/\/prensapresidencialvenezuela.gob.ve\/wp-content\/uploads\/2024\/04\/CABINA-EXTREMA.pdf\" class=\"wp-block-file__button wp-element-button\" download aria-describedby=\"wp-block-file--media-6b3abe1c-712f-4824-8f19-a1e66ce50bc0\">Descarga<\/a><\/div>\n","protected":false},"excerpt":{"rendered":"<p>En los \u00faltimos a\u00f1os, el turismo venezolano ha venido transform\u00e1ndose en aras de garantizar el derecho a la recreaci\u00f3n y espacios de esparcimiento para la familia venezolana, adem\u00e1s de promover el turismo internacional como elemento innovador para incrementar la econom\u00eda en el pa\u00eds. Una muestra de esta transformaci\u00f3n es la puesta en mar- cha de [&hellip;]<\/p>\n","protected":false},"author":6,"featured_media":7574,"comment_status":"open","ping_status":"open","sticky":false,"template":"","format":"standard","meta":{"footnotes":""},"categories":[18,10],"tags":[],"class_list":["post-7572","post","type-post","status-publish","format-standard","has-post-thumbnail","hentry","category-noticias-principales","category-especiales"],"_links":{"self":[{"href":"https:\/\/prensapresidencialvenezuela.gob.ve\/index.php\/wp-json\/wp\/v2\/posts\/7572","targetHints":{"allow":["GET"]}}],"collection":[{"href":"https:\/\/prensapresidencialvenezuela.gob.ve\/index.php\/wp-json\/wp\/v2\/posts"}],"about":[{"href":"https:\/\/prensapresidencialvenezuela.gob.ve\/index.php\/wp-json\/wp\/v2\/types\/post"}],"author":[{"embeddable":true,"href":"https:\/\/prensapresidencialvenezuela.gob.ve\/index.php\/wp-json\/wp\/v2\/users\/6"}],"replies":[{"embeddable":true,"href":"https:\/\/prensapresidencialvenezuela.gob.ve\/index.php\/wp-json\/wp\/v2\/comments?post=7572"}],"version-history":[{"count":3,"href":"https:\/\/prensapresidencialvenezuela.gob.ve\/index.php\/wp-json\/wp\/v2\/posts\/7572\/revisions"}],"predecessor-version":[{"id":10577,"href":"https:\/\/prensapresidencialvenezuela.gob.ve\/index.php\/wp-json\/wp\/v2\/posts\/7572\/revisions\/10577"}],"wp:featuredmedia":[{"embeddable":true,"href":"https:\/\/prensapresidencialvenezuela.gob.ve\/index.php\/wp-json\/wp\/v2\/media\/7574"}],"wp:attachment":[{"href":"https:\/\/prensapresidencialvenezuela.gob.ve\/index.php\/wp-json\/wp\/v2\/media?parent=7572"}],"wp:term":[{"taxonomy":"category","embeddable":true,"href":"https:\/\/prensapresidencialvenezuela.gob.ve\/index.php\/wp-json\/wp\/v2\/categories?post=7572"},{"taxonomy":"post_tag","embeddable":true,"href":"https:\/\/prensapresidencialvenezuela.gob.ve\/index.php\/wp-json\/wp\/v2\/tags?post=7572"}],"curies":[{"name":"wp","href":"https:\/\/api.w.org\/{rel}","templated":true}]}}