{"id":7588,"date":"2023-10-23T20:02:00","date_gmt":"2023-10-23T20:02:00","guid":{"rendered":"http:\/\/172.27.0.121\/?p=7588"},"modified":"2023-10-30T20:09:59","modified_gmt":"2023-10-30T20:09:59","slug":"ee-uu-debe-responder-sobre-el-destino-de-supuesta-inversion-para-migrantes","status":"publish","type":"post","link":"https:\/\/prensapresidencialvenezuela.gob.ve\/index.php\/2023\/10\/23\/ee-uu-debe-responder-sobre-el-destino-de-supuesta-inversion-para-migrantes\/","title":{"rendered":"EE.UU. debe responder sobre el destino de supuesta inversi\u00f3n para migrantes"},"content":{"rendered":"\n<p><strong>Palacio de Miraflores, Caracas.-&nbsp;<\/strong>El presidente de la Rep\u00fablica, Nicol\u00e1s Maduro, asever\u00f3 que el gobierno de Estados Unidos debe responder por el destino de los 2.800 millones de d\u00f3lares que, de acuerdo con voceros de la Casa Blanca, habr\u00edan sido empleados para la atenci\u00f3n de los migrantes.<\/p>\n\n\n\n<p>\u201cEstados Unidos declara que ha entregado 2.800 millones de d\u00f3lares para ayuda humanitaria de los migrantes, yo pregunto: \u00bfD\u00f3nde est\u00e1 esa plata? \u00bfA qui\u00e9n se la dieron? Le pregunto a los migrantes: \u00bfLes ha llegado un d\u00f3lar de ayuda? \u00bfA qui\u00e9n se lo dieron? \u00bfA (Iv\u00e1n) Duque que bastante politiz\u00f3 el tema? \u00bfA Juan Guaid\u00f3 que era presidente? Seguro se los dieron\u201d, cuestion\u00f3 durante el programa&nbsp;<em>Con Maduro +<\/em>, transmitido a trav\u00e9s de Venezolana de Televisi\u00f3n.<\/p>\n\n\n\n<p>Ante la poca transparencia en la distribuci\u00f3n de recursos destinados supuestamente para la poblaci\u00f3n migrante, el jefe de Estado se\u00f1al\u00f3 que Washington \u201ctiene que responderle a sus contribuyentes, al pueblo de Venezuela donde meti\u00f3 2.800 millones de d\u00f3lares para los migrantes\u201d. En este sentido, consider\u00f3 necesaria la ejecuci\u00f3n de una auditor\u00eda p\u00fablica para determinar el verdadero destino de los fondos.<\/p>\n\n\n\n<p>En contraparte, subray\u00f3 el esfuerzo que, desde el Gobierno Nacional, se realiza para inyectar recursos en materia de transporte (aviones) y log\u00edstica que permitan el retorno de connacionales, cuya cifra alcanza las 400.000 personas. Otros 500.000 han regresado por sus medios.<\/p>\n\n\n\n<p>\u201cHan regresado 900.000 venezolanos, yo aspiro que una vez se levanten las sanciones criminales y recuperemos toda la econom\u00eda, m\u00e1s temprano que tarde tendremos el feliz regreso de nuestros compatriotas y connacionales\u201d, destac\u00f3.<\/p>\n\n\n\n<p>En contexto, el mandatario venezolano precis\u00f3 que, entre 2015 y 2023, 2.300.000 venezolanos han abandonado el pa\u00eds, producto de las ilegales sanciones contra la econom\u00eda nacional.<\/p>\n\n\n\n<p><strong>Prensa Presidencial \/ Karelis Gonz\u00e1lez<\/strong><\/p>\n","protected":false},"excerpt":{"rendered":"<p>Palacio de Miraflores, Caracas.-&nbsp;El presidente de la Rep\u00fablica, Nicol\u00e1s Maduro, asever\u00f3 que el gobierno de Estados Unidos debe responder por el destino de los 2.800 millones de d\u00f3lares que, de acuerdo con voceros de la Casa Blanca, habr\u00edan sido empleados para la atenci\u00f3n de los migrantes. \u201cEstados Unidos declara que ha entregado 2.800 millones de [&hellip;]<\/p>\n","protected":false},"author":6,"featured_media":7589,"comment_status":"open","ping_status":"open","sticky":false,"template":"","format":"standard","meta":{"footnotes":""},"categories":[18,7],"tags":[],"class_list":["post-7588","post","type-post","status-publish","format-standard","has-post-thumbnail","hentry","category-noticias-principales","category-notas-de-prensa"],"_links":{"self":[{"href":"https:\/\/prensapresidencialvenezuela.gob.ve\/index.php\/wp-json\/wp\/v2\/posts\/7588","targetHints":{"allow":["GET"]}}],"collection":[{"href":"https:\/\/prensapresidencialvenezuela.gob.ve\/index.php\/wp-json\/wp\/v2\/posts"}],"about":[{"href":"https:\/\/prensapresidencialvenezuela.gob.ve\/index.php\/wp-json\/wp\/v2\/types\/post"}],"author":[{"embeddable":true,"href":"https:\/\/prensapresidencialvenezuela.gob.ve\/index.php\/wp-json\/wp\/v2\/users\/6"}],"replies":[{"embeddable":true,"href":"https:\/\/prensapresidencialvenezuela.gob.ve\/index.php\/wp-json\/wp\/v2\/comments?post=7588"}],"version-history":[{"count":1,"href":"https:\/\/prensapresidencialvenezuela.gob.ve\/index.php\/wp-json\/wp\/v2\/posts\/7588\/revisions"}],"predecessor-version":[{"id":7590,"href":"https:\/\/prensapresidencialvenezuela.gob.ve\/index.php\/wp-json\/wp\/v2\/posts\/7588\/revisions\/7590"}],"wp:featuredmedia":[{"embeddable":true,"href":"https:\/\/prensapresidencialvenezuela.gob.ve\/index.php\/wp-json\/wp\/v2\/media\/7589"}],"wp:attachment":[{"href":"https:\/\/prensapresidencialvenezuela.gob.ve\/index.php\/wp-json\/wp\/v2\/media?parent=7588"}],"wp:term":[{"taxonomy":"category","embeddable":true,"href":"https:\/\/prensapresidencialvenezuela.gob.ve\/index.php\/wp-json\/wp\/v2\/categories?post=7588"},{"taxonomy":"post_tag","embeddable":true,"href":"https:\/\/prensapresidencialvenezuela.gob.ve\/index.php\/wp-json\/wp\/v2\/tags?post=7588"}],"curies":[{"name":"wp","href":"https:\/\/api.w.org\/{rel}","templated":true}]}}