{"id":7604,"date":"2023-10-23T20:41:00","date_gmt":"2023-10-23T20:41:00","guid":{"rendered":"http:\/\/172.27.0.121\/?p=7604"},"modified":"2023-10-30T20:46:16","modified_gmt":"2023-10-30T20:46:16","slug":"rehabilitacion-de-cdi-en-apure-favorecera-a-mas-de-17-mil-habitantes","status":"publish","type":"post","link":"https:\/\/prensapresidencialvenezuela.gob.ve\/index.php\/2023\/10\/23\/rehabilitacion-de-cdi-en-apure-favorecera-a-mas-de-17-mil-habitantes\/","title":{"rendered":"Rehabilitaci\u00f3n de CDI en Apure favorecer\u00e1 a m\u00e1s de 17 mil habitantes"},"content":{"rendered":"\n<p><strong>Palacio de Miraflores, Caracas. \u2013<\/strong>M\u00e1s de 17 mil habitantes de catorce comunidades, se ver\u00e1n favorecidas con la rehabilitaci\u00f3n del Centro de Diagn\u00f3stico Integral (CDI), general Alfredo Franco, ubicado en el sector Parque La Ferias, barrio Cristo Rey, municipio San Fernando, estado Apure, en donde el Sistema 1\u00d710 del Buen Gobierno ha arropado necesidades de esta poblaci\u00f3n, al presentar solicitudes de manera directa.<\/p>\n\n\n\n<p>Este caso fue reportado por la jefa del Comit\u00e9 de H\u00e1bitat y Vivienda del Consejo Comunal Cristo Rey de la UBCH Andr\u00e9s Eloy Blanco, Karina Quiroz, y este lunes tuvo la oportunidad de agradecer personalmente al jefe de Estado por la atenci\u00f3n de este caso.<\/p>\n\n\n\n<p>En medio de la emoci\u00f3n y alegr\u00eda, con l\u00e1grimas en sus ojos, dijo&nbsp;la vocera comunal : \u201cEl CDI, hoy por hoy, es una realidad \u00a1Lo logramos!\u201d, en compa\u00f1\u00eda de otras mujeres de su comunidad, quienes tambi\u00e9n compartieron experiencias propositivas, tras casos atendidos.<\/p>\n\n\n\n<p>En esa l\u00ednea, se dio la buena pro de 34 nuevas casas en el sector y la rehabilitaci\u00f3n de 134 hogares a trav\u00e9s de la Misi\u00f3n Barrio Nuevo, Barrio Tricolor.<\/p>\n\n\n\n<p>Tambi\u00e9n se conoci\u00f3 del testimonio de Albi Rodr\u00edguez, lideresa del estado Apure, en donde veinte emprendedoras recibieron cr\u00e9ditos.<\/p>\n\n\n\n<p>Iris Villasana destac\u00f3 su satisfacci\u00f3n por contar con un \u201cpresidente como usted\u201d, porque \u201cnos ha permitido fortalecer a nuestra comunidad\u201d, con el emprendimiento de \u201cpollo de engorde\u201d.<\/p>\n\n\n\n<p>El Mandatario nacional inst\u00f3 a seguir multiplicando este tipo emprendimientos, al conocer tambi\u00e9n la experiencia de Yusmeidy Qui\u00f1onez, emprendedora en el \u00e1rea de la panader\u00eda, reposter\u00eda y dulcer\u00eda criolla.<\/p>\n\n\n\n<p><strong>Caso en Los Andes<\/strong><\/p>\n\n\n\n<p>En la edici\u00f3n n\u00famero 22 del programa&nbsp;<em>Con Maduro +&nbsp;<\/em>tambi\u00e9n se comparti\u00f3 un caso orientado en el tema de las aguas blancas en el estado Trujillo.<\/p>\n\n\n\n<p>En esta entidad, Joel Valderrama, jefe de las Unidades de Batalla Hugo Ch\u00e1vez (UBCH), Antonio Jos\u00e9 Mendoza, solicit\u00f3 a trav\u00e9s de la aplicaci\u00f3n Ven App la rehabilitaci\u00f3n de un pozo de agua en la comunidad La Urbina, en el municipio Candelaria, para el beneficio de unos 1.680 habitantes, en atenci\u00f3n inmediata de agua potable.<\/p>\n\n\n\n<p>En esta ocasi\u00f3n, Joel Valderrama interactu\u00f3 con el jefe de Estado, el gobernador del estado, Gerardo M\u00e1rquez y el ministro del Poder Popular de Atenci\u00f3n de las Aguas, Rodolfo Marco Torres, conectados v\u00eda telefon\u00eda.<\/p>\n\n\n\n<p>De esta interacci\u00f3n, se gener\u00f3 la decisi\u00f3n de realizar la inspecci\u00f3n correspondiente, el chequeo del banco de transformadores, motores y bombas, tableros y protecci\u00f3n para la colocaci\u00f3n del motor y bomba.<\/p>\n\n\n\n<p>Adem\u00e1s, el vocero de la comunidad realiz\u00f3 una solicitud orientada a \u201c186 mesas sillas, para la recuperaci\u00f3n\u201d, as\u00ed como de \u201clos insumos y el equipamiento para el ambulatorio\u201d y unas \u201c80 l\u00e1mparas para alumbrado p\u00fablico de su comunidad\u201d.<\/p>\n\n\n\n<p>A la fecha, como parte del Sistema del 1\u00d710 del Buen Gobierno, el \u00edndice de satisfacci\u00f3n global es de muy satisfecho y el total de casos que han sido atendidos a trav\u00e9s del Sistema se ubica en 1 mill\u00f3n 689 mil 93 casos, lo que representa un 61,92 %.<\/p>\n\n\n\n<p><strong>Prensa Presidencial \/ Ana\u00eds P\u00e9rez<\/strong><\/p>\n","protected":false},"excerpt":{"rendered":"<p>Palacio de Miraflores, Caracas. \u2013M\u00e1s de 17 mil habitantes de catorce comunidades, se ver\u00e1n favorecidas con la rehabilitaci\u00f3n del Centro de Diagn\u00f3stico Integral (CDI), general Alfredo Franco, ubicado en el sector Parque La Ferias, barrio Cristo Rey, municipio San Fernando, estado Apure, en donde el Sistema 1\u00d710 del Buen Gobierno ha arropado necesidades de esta [&hellip;]<\/p>\n","protected":false},"author":6,"featured_media":7605,"comment_status":"open","ping_status":"open","sticky":false,"template":"","format":"standard","meta":{"footnotes":""},"categories":[18,7],"tags":[],"class_list":["post-7604","post","type-post","status-publish","format-standard","has-post-thumbnail","hentry","category-noticias-principales","category-notas-de-prensa"],"_links":{"self":[{"href":"https:\/\/prensapresidencialvenezuela.gob.ve\/index.php\/wp-json\/wp\/v2\/posts\/7604","targetHints":{"allow":["GET"]}}],"collection":[{"href":"https:\/\/prensapresidencialvenezuela.gob.ve\/index.php\/wp-json\/wp\/v2\/posts"}],"about":[{"href":"https:\/\/prensapresidencialvenezuela.gob.ve\/index.php\/wp-json\/wp\/v2\/types\/post"}],"author":[{"embeddable":true,"href":"https:\/\/prensapresidencialvenezuela.gob.ve\/index.php\/wp-json\/wp\/v2\/users\/6"}],"replies":[{"embeddable":true,"href":"https:\/\/prensapresidencialvenezuela.gob.ve\/index.php\/wp-json\/wp\/v2\/comments?post=7604"}],"version-history":[{"count":1,"href":"https:\/\/prensapresidencialvenezuela.gob.ve\/index.php\/wp-json\/wp\/v2\/posts\/7604\/revisions"}],"predecessor-version":[{"id":7607,"href":"https:\/\/prensapresidencialvenezuela.gob.ve\/index.php\/wp-json\/wp\/v2\/posts\/7604\/revisions\/7607"}],"wp:featuredmedia":[{"embeddable":true,"href":"https:\/\/prensapresidencialvenezuela.gob.ve\/index.php\/wp-json\/wp\/v2\/media\/7605"}],"wp:attachment":[{"href":"https:\/\/prensapresidencialvenezuela.gob.ve\/index.php\/wp-json\/wp\/v2\/media?parent=7604"}],"wp:term":[{"taxonomy":"category","embeddable":true,"href":"https:\/\/prensapresidencialvenezuela.gob.ve\/index.php\/wp-json\/wp\/v2\/categories?post=7604"},{"taxonomy":"post_tag","embeddable":true,"href":"https:\/\/prensapresidencialvenezuela.gob.ve\/index.php\/wp-json\/wp\/v2\/tags?post=7604"}],"curies":[{"name":"wp","href":"https:\/\/api.w.org\/{rel}","templated":true}]}}