{"id":7609,"date":"2023-10-23T20:48:00","date_gmt":"2023-10-23T20:48:00","guid":{"rendered":"http:\/\/172.27.0.121\/?p=7609"},"modified":"2023-10-30T20:53:18","modified_gmt":"2023-10-30T20:53:18","slug":"ultraderecha-pretende-usar-procesos-electorales-para-desestabilizar","status":"publish","type":"post","link":"https:\/\/prensapresidencialvenezuela.gob.ve\/index.php\/2023\/10\/23\/ultraderecha-pretende-usar-procesos-electorales-para-desestabilizar\/","title":{"rendered":"Ultraderecha pretende usar procesos electorales para desestabilizar"},"content":{"rendered":"\n<p><strong>Palacio de Miraflores, Caracas.-&nbsp;<\/strong>La extrema derecha venezolana \u201cest\u00e1 tratando de montar una nueva jugada\u201d, similar a la ejecutada en 2002 con Pedro Carmona Estanga y 2019 con Juan Guaid\u00f3, para aprovechar el proceso electoral venidero \u201cy perturbar la vida nacional\u201d, denunci\u00f3 el presidente de la Rep\u00fablica, Nicol\u00e1s Maduro.<\/p>\n\n\n\n<p>Durante el programa Con Maduro +, transmitido a trav\u00e9s de Venezolana de Televisi\u00f3n, puntualiz\u00f3 que la ultraderecha \u201cviene con un solo discurso: odio, intolerancia, venganza\u201d que trat\u00f3 de disfrazarse este domingo con un \u201cshow\u201d, expresado en las elecciones primarias.<\/p>\n\n\n\n<p>Al definir el proceso como la \u201ccr\u00f3nica de un fraude anunciado\u201d, el Mandatario venezolano se\u00f1al\u00f3 que es \u201clamentable\u201d que la dirigencia de oposici\u00f3n \u201cse burle de un grupo importante\u201d que los acompa\u00f1\u00f3 en las elecciones internas, cuyo primer bolet\u00edn arroj\u00f3 601.110 votantes.<\/p>\n\n\n\n<p>\u201cSiempre le han faltado el respeto a sus seguidores, por eso tienen cada vez menos seguidores. Siempre se burlan, los llevaron a aventuras de violencia y los abandonaron; los llevaron a golpes de Estado, a la aventura de Guaid\u00f3, les prometieron el cielo y el para\u00edso. Se burlaron de la confianza que les dieron\u201d, afirm\u00f3.<\/p>\n\n\n\n<p>En este sentido, indic\u00f3 que ya son conocidas las capacidades para \u201cmentir, manipular y hacer fraude del sector extremista de la oposici\u00f3n\u201d, siendo una de sus expresiones \u201clos planes de chantajear al pa\u00eds, pedir sanciones, pedir invasiones\u201d.<\/p>\n\n\n\n<p>\u201cLes han faltado el respeto, los est\u00e1n enga\u00f1ando, les est\u00e1n mintiendo. Ya basta de los manipuladores\u201d, sentenci\u00f3.<\/p>\n\n\n\n<p><strong>Prensa Presidencial \/ Karelis Gonz\u00e1lez<\/strong><\/p>\n","protected":false},"excerpt":{"rendered":"<p>Palacio de Miraflores, Caracas.-&nbsp;La extrema derecha venezolana \u201cest\u00e1 tratando de montar una nueva jugada\u201d, similar a la ejecutada en 2002 con Pedro Carmona Estanga y 2019 con Juan Guaid\u00f3, para aprovechar el proceso electoral venidero \u201cy perturbar la vida nacional\u201d, denunci\u00f3 el presidente de la Rep\u00fablica, Nicol\u00e1s Maduro. Durante el programa Con Maduro +, transmitido [&hellip;]<\/p>\n","protected":false},"author":6,"featured_media":7610,"comment_status":"open","ping_status":"open","sticky":false,"template":"","format":"standard","meta":{"footnotes":""},"categories":[18,7],"tags":[],"class_list":["post-7609","post","type-post","status-publish","format-standard","has-post-thumbnail","hentry","category-noticias-principales","category-notas-de-prensa"],"_links":{"self":[{"href":"https:\/\/prensapresidencialvenezuela.gob.ve\/index.php\/wp-json\/wp\/v2\/posts\/7609","targetHints":{"allow":["GET"]}}],"collection":[{"href":"https:\/\/prensapresidencialvenezuela.gob.ve\/index.php\/wp-json\/wp\/v2\/posts"}],"about":[{"href":"https:\/\/prensapresidencialvenezuela.gob.ve\/index.php\/wp-json\/wp\/v2\/types\/post"}],"author":[{"embeddable":true,"href":"https:\/\/prensapresidencialvenezuela.gob.ve\/index.php\/wp-json\/wp\/v2\/users\/6"}],"replies":[{"embeddable":true,"href":"https:\/\/prensapresidencialvenezuela.gob.ve\/index.php\/wp-json\/wp\/v2\/comments?post=7609"}],"version-history":[{"count":1,"href":"https:\/\/prensapresidencialvenezuela.gob.ve\/index.php\/wp-json\/wp\/v2\/posts\/7609\/revisions"}],"predecessor-version":[{"id":7611,"href":"https:\/\/prensapresidencialvenezuela.gob.ve\/index.php\/wp-json\/wp\/v2\/posts\/7609\/revisions\/7611"}],"wp:featuredmedia":[{"embeddable":true,"href":"https:\/\/prensapresidencialvenezuela.gob.ve\/index.php\/wp-json\/wp\/v2\/media\/7610"}],"wp:attachment":[{"href":"https:\/\/prensapresidencialvenezuela.gob.ve\/index.php\/wp-json\/wp\/v2\/media?parent=7609"}],"wp:term":[{"taxonomy":"category","embeddable":true,"href":"https:\/\/prensapresidencialvenezuela.gob.ve\/index.php\/wp-json\/wp\/v2\/categories?post=7609"},{"taxonomy":"post_tag","embeddable":true,"href":"https:\/\/prensapresidencialvenezuela.gob.ve\/index.php\/wp-json\/wp\/v2\/tags?post=7609"}],"curies":[{"name":"wp","href":"https:\/\/api.w.org\/{rel}","templated":true}]}}