{"id":762,"date":"2022-01-13T16:58:00","date_gmt":"2022-01-13T16:58:00","guid":{"rendered":"http:\/\/172.27.0.121\/?p=762"},"modified":"2022-05-28T17:00:04","modified_gmt":"2022-05-28T17:00:04","slug":"an-es-el-epicentro-institucional-politico-y-legislativo-del-pais","status":"publish","type":"post","link":"https:\/\/prensapresidencialvenezuela.gob.ve\/index.php\/2022\/01\/13\/an-es-el-epicentro-institucional-politico-y-legislativo-del-pais\/","title":{"rendered":"AN es el epicentro institucional pol\u00edtico y legislativo del pa\u00eds"},"content":{"rendered":"\n<p><strong>Palacio de Miraflores, Caracas.-<\/strong> Al afirmar que la Asamblea Nacional (AN) tiene un pleno respaldo en el territorio nacional, con la capacidad para legislar en el pa\u00eds, el presidente de la Rep\u00fablica Bolivariana de Venezuela, Nicol\u00e1s Maduro, recibi\u00f3 las notificaciones de activaci\u00f3n del per\u00edodo 2022 de la AN.<\/p>\n\n\n\n<p>Desde el Palacio de Miraflores, en Caracas, el Mandatario nacional asegur\u00f3 que el m\u00e1ximo Poder Legislativo del pa\u00eds, \u201cha conservado logros intangibles que van por ah\u00ed y mucha gente no lo ven. Estamos en frente de una AN mandando en el Estado y haciendo su trabajo\u201d.<\/p>\n\n\n\n<p>Aclar\u00f3 que s\u00f3lo el Poder Legislativo del pa\u00eds es el \u00f3rgano superior para modificar y aprobar leyes en beneficio de la poblaci\u00f3n venezolana. \u201c\u00bfA qui\u00e9n m\u00e1s de acude?. Eso no est\u00e1 en debate, eso est\u00e1 definido con color tricolor, con color de Patria, cuando la Asamblea Nacional ocup\u00f3 pleno respaldo y pleno espacio del territorio legislativo\u201d.<\/p>\n\n\n\n<p>En este sentido, resalt\u00f3 la importancia sobre las funciones \u201cde cada quien en el Estado venezolano, para lograr la batalla sobre la vigencia de sus funciones constitucionales, ejemplo de ello es el Poder Electoral, que lo ha logrado plenamente. Es \u00fanico y reconocido\u201d.<\/p>\n\n\n\n<p>Asimismo, rechaz\u00f3 la creaci\u00f3n de cualquier intento de instituciones paralelas en el pa\u00eds. \u201cLos derrotamos como Estado. El Ministerio P\u00fablico y el Poder Moral, la Contralor\u00eda, la Defensor\u00eda del Pueblo y la Fiscal\u00eda dej\u00f3 zanjado cualquier intento internacional. No hay duda del poder de nuestras instituciones\u201d.<\/p>\n\n\n\n<p>En contexto, aclar\u00f3 que Venezuela tiene reconocimiento internacional, amplio, claro y directo de la Organizaci\u00f3n de las Naciones Unidas (ONU), as\u00ed como tambi\u00e9n de las gobernaciones y alcald\u00edas, movimientos sociales de todo el pa\u00eds.<\/p>\n\n\n\n<p>Finalmente, denunci\u00f3 que en estos \u00faltimos tres a\u00f1os de este per\u00edodo de gobierno, han sido de sabotaje y de guerra, \u201cpero aqu\u00ed estamos victoriosos y de pie, con dignidad\u201d, concluy\u00f3.<\/p>\n\n\n\n<p><strong>Prensa Presidencial\/Joelin Jim\u00e9nez<\/strong><\/p>\n","protected":false},"excerpt":{"rendered":"<p>Palacio de Miraflores, Caracas.- Al afirmar que la Asamblea Nacional (AN) tiene un pleno respaldo en el territorio nacional, con la capacidad para legislar en el pa\u00eds, el presidente de la Rep\u00fablica Bolivariana de Venezuela, Nicol\u00e1s Maduro, recibi\u00f3 las notificaciones de activaci\u00f3n del per\u00edodo 2022 de la AN. Desde el Palacio de Miraflores, en Caracas, [&hellip;]<\/p>\n","protected":false},"author":6,"featured_media":763,"comment_status":"open","ping_status":"open","sticky":false,"template":"","format":"standard","meta":{"footnotes":""},"categories":[7],"tags":[],"class_list":["post-762","post","type-post","status-publish","format-standard","has-post-thumbnail","hentry","category-notas-de-prensa"],"_links":{"self":[{"href":"https:\/\/prensapresidencialvenezuela.gob.ve\/index.php\/wp-json\/wp\/v2\/posts\/762","targetHints":{"allow":["GET"]}}],"collection":[{"href":"https:\/\/prensapresidencialvenezuela.gob.ve\/index.php\/wp-json\/wp\/v2\/posts"}],"about":[{"href":"https:\/\/prensapresidencialvenezuela.gob.ve\/index.php\/wp-json\/wp\/v2\/types\/post"}],"author":[{"embeddable":true,"href":"https:\/\/prensapresidencialvenezuela.gob.ve\/index.php\/wp-json\/wp\/v2\/users\/6"}],"replies":[{"embeddable":true,"href":"https:\/\/prensapresidencialvenezuela.gob.ve\/index.php\/wp-json\/wp\/v2\/comments?post=762"}],"version-history":[{"count":1,"href":"https:\/\/prensapresidencialvenezuela.gob.ve\/index.php\/wp-json\/wp\/v2\/posts\/762\/revisions"}],"predecessor-version":[{"id":764,"href":"https:\/\/prensapresidencialvenezuela.gob.ve\/index.php\/wp-json\/wp\/v2\/posts\/762\/revisions\/764"}],"wp:featuredmedia":[{"embeddable":true,"href":"https:\/\/prensapresidencialvenezuela.gob.ve\/index.php\/wp-json\/wp\/v2\/media\/763"}],"wp:attachment":[{"href":"https:\/\/prensapresidencialvenezuela.gob.ve\/index.php\/wp-json\/wp\/v2\/media?parent=762"}],"wp:term":[{"taxonomy":"category","embeddable":true,"href":"https:\/\/prensapresidencialvenezuela.gob.ve\/index.php\/wp-json\/wp\/v2\/categories?post=762"},{"taxonomy":"post_tag","embeddable":true,"href":"https:\/\/prensapresidencialvenezuela.gob.ve\/index.php\/wp-json\/wp\/v2\/tags?post=762"}],"curies":[{"name":"wp","href":"https:\/\/api.w.org\/{rel}","templated":true}]}}