{"id":7627,"date":"2023-10-23T09:25:00","date_gmt":"2023-10-23T09:25:00","guid":{"rendered":"http:\/\/172.27.0.121\/?p=7627"},"modified":"2023-10-30T21:30:02","modified_gmt":"2023-10-30T21:30:02","slug":"presidente-saluda-aprobacion-de-preguntas-del-referendum-sobre-el-territorio-esequibo","status":"publish","type":"post","link":"https:\/\/prensapresidencialvenezuela.gob.ve\/index.php\/2023\/10\/23\/presidente-saluda-aprobacion-de-preguntas-del-referendum-sobre-el-territorio-esequibo\/","title":{"rendered":"Presidente saluda aprobaci\u00f3n de preguntas del refer\u00e9ndum sobre el territorio Esequibo"},"content":{"rendered":"\n<p><strong>Palacio de Miraflores, Caracas. \u2013<\/strong>&nbsp;Luego de que este lunes, el Consejo Nacional Electoral (CNE) aprobara por unanimidad las preguntas que se realizar\u00e1n en el Refer\u00e9ndum Consultivo del 3 de diciembre en defensa de la Guayana Esequiba, el presidente de la Rep\u00fablica Bolivariana de Venezuela, Nicol\u00e1s Maduro, salud\u00f3 con satisfacci\u00f3n a las autoridades del Poder Electoral venezolano por la aprobaci\u00f3n de las cinco interrogantes que se formular\u00e1n en esta consulta.<\/p>\n\n\n\n<p>\u201cSaludamos con gran satisfacci\u00f3n a las autoridades del Consejo Nacional Electoral por la aprobaci\u00f3n de las cinco preguntas que ser\u00e1n formuladas a las venezolanas y los venezolanos en el Refer\u00e9ndum Consultivo en defensa de la Guayana Esequiba. \u00a1Defendamos el Territorio Esequibo! El #3Dic todos y todas a votar #5VecesS\u00ed\u201d, escribi\u00f3 el Mandatario nacional a trav\u00e9s de su cuenta de la red social X.<\/p>\n\n\n\n<p><strong>Las cinco preguntas aprobadas son:<\/strong><\/p>\n\n\n\n<ol class=\"wp-block-list\"><li>\u00bfEst\u00e1 usted de acuerdo en rechazar por todos los medios, conforme al derecho, la l\u00ednea impuesta fraudulentamente por el laudo arbitral de Par\u00eds de 1899, que pretende despojarnos de nuestra Guayana Esequiba?<\/li><li>\u00bfApoya usted el Acuerdo de Ginebra de 1966 como \u00fanico instrumento jur\u00eddico valido para alcanzar una soluci\u00f3n pr\u00e1ctica y satisfactoria para Venezuela y Guyana, en torno a la controversia sobre el territorio de la Guayana Esequiba?<\/li><li>\u00bfEst\u00e1 usted de acuerdo con la posici\u00f3n hist\u00f3rica de Venezuela de no reconocer la Jurisdicci\u00f3n de la Corte Internacional de Justicia para resolver la controversia territorial sobre la Guayana Esequiba?<\/li><li>\u00bfEst\u00e1 usted de acuerdo en oponerse, por todos los medios conforme a derecho, a la pretensi\u00f3n de Guyana de disponer unilateralmente de un mar pendiente por delimitar, de manera ilegal y en violaci\u00f3n del derecho internacional?<\/li><li>\u00bfEst\u00e1 usted de acuerdo con la creaci\u00f3n del estado Guayana Esequiba y se desarrolle un plan acelerado para la atenci\u00f3n integral a la poblaci\u00f3n actual y futura de ese territorio que incluya entre otros el otorgamiento de la ciudadan\u00eda y c\u00e9dula de identidad venezolana, conforme al Acuerdo de Ginebra y el Derecho Internacional, incorporando en consecuencia dicho estado en el mapa del territorio venezolano?<\/li><\/ol>\n\n\n\n<p>El pasado 21 de octubre la Comisi\u00f3n de la Defensa del Esequibo a trav\u00e9s de su cuenta en X public\u00f3 el cronograma electoral para el refer\u00e9ndum consultivo que se desarrollar\u00e1 el pr\u00f3ximo 3 de diciembre en defensa de la Guayana Esequiba.<\/p>\n\n\n\n<p>Algunos de los eventos importantes como el Simulacro electoral se realizar\u00e1 el 12 de noviembre, la campa\u00f1a del 6 de noviembre al 1 de diciembre y posteriormente auditoria del software.<\/p>\n\n\n\n<p><strong>Prensa Presidencial \/ Ana\u00eds P\u00e9rez<\/strong><\/p>\n","protected":false},"excerpt":{"rendered":"<p>Palacio de Miraflores, Caracas. \u2013&nbsp;Luego de que este lunes, el Consejo Nacional Electoral (CNE) aprobara por unanimidad las preguntas que se realizar\u00e1n en el Refer\u00e9ndum Consultivo del 3 de diciembre en defensa de la Guayana Esequiba, el presidente de la Rep\u00fablica Bolivariana de Venezuela, Nicol\u00e1s Maduro, salud\u00f3 con satisfacci\u00f3n a las autoridades del Poder Electoral [&hellip;]<\/p>\n","protected":false},"author":6,"featured_media":7628,"comment_status":"open","ping_status":"open","sticky":false,"template":"","format":"standard","meta":{"footnotes":""},"categories":[18,7],"tags":[],"class_list":["post-7627","post","type-post","status-publish","format-standard","has-post-thumbnail","hentry","category-noticias-principales","category-notas-de-prensa"],"_links":{"self":[{"href":"https:\/\/prensapresidencialvenezuela.gob.ve\/index.php\/wp-json\/wp\/v2\/posts\/7627","targetHints":{"allow":["GET"]}}],"collection":[{"href":"https:\/\/prensapresidencialvenezuela.gob.ve\/index.php\/wp-json\/wp\/v2\/posts"}],"about":[{"href":"https:\/\/prensapresidencialvenezuela.gob.ve\/index.php\/wp-json\/wp\/v2\/types\/post"}],"author":[{"embeddable":true,"href":"https:\/\/prensapresidencialvenezuela.gob.ve\/index.php\/wp-json\/wp\/v2\/users\/6"}],"replies":[{"embeddable":true,"href":"https:\/\/prensapresidencialvenezuela.gob.ve\/index.php\/wp-json\/wp\/v2\/comments?post=7627"}],"version-history":[{"count":1,"href":"https:\/\/prensapresidencialvenezuela.gob.ve\/index.php\/wp-json\/wp\/v2\/posts\/7627\/revisions"}],"predecessor-version":[{"id":7629,"href":"https:\/\/prensapresidencialvenezuela.gob.ve\/index.php\/wp-json\/wp\/v2\/posts\/7627\/revisions\/7629"}],"wp:featuredmedia":[{"embeddable":true,"href":"https:\/\/prensapresidencialvenezuela.gob.ve\/index.php\/wp-json\/wp\/v2\/media\/7628"}],"wp:attachment":[{"href":"https:\/\/prensapresidencialvenezuela.gob.ve\/index.php\/wp-json\/wp\/v2\/media?parent=7627"}],"wp:term":[{"taxonomy":"category","embeddable":true,"href":"https:\/\/prensapresidencialvenezuela.gob.ve\/index.php\/wp-json\/wp\/v2\/categories?post=7627"},{"taxonomy":"post_tag","embeddable":true,"href":"https:\/\/prensapresidencialvenezuela.gob.ve\/index.php\/wp-json\/wp\/v2\/tags?post=7627"}],"curies":[{"name":"wp","href":"https:\/\/api.w.org\/{rel}","templated":true}]}}