{"id":7657,"date":"2023-10-30T14:00:45","date_gmt":"2023-10-30T14:00:45","guid":{"rendered":"http:\/\/172.27.0.121\/?p=7657"},"modified":"2023-10-31T16:27:27","modified_gmt":"2023-10-31T16:27:27","slug":"en-noviembre-iniciara-plan-especial-para-la-proteccion-de-ninas-adolescentes-y-mujeres","status":"publish","type":"post","link":"https:\/\/prensapresidencialvenezuela.gob.ve\/index.php\/2023\/10\/30\/en-noviembre-iniciara-plan-especial-para-la-proteccion-de-ninas-adolescentes-y-mujeres\/","title":{"rendered":"En noviembre iniciar\u00e1 plan especial para la protecci\u00f3n de ni\u00f1as, adolescentes y mujeres"},"content":{"rendered":"\n<p><strong>Palacio de Miraflores, Caracas.-<\/strong>&nbsp;A partir del 11 de noviembre iniciar\u00e1 en todo el territorio nacional las jornadas especiales de atenci\u00f3n integral dirigidas a ni\u00f1as, adolescentes y mujeres a trav\u00e9s de la Gran Misi\u00f3n Venezuela Mujer, as\u00ed lo inform\u00f3 el jefe de Estado, Nicol\u00e1s Maduro, en el programa \u201cCon Maduro +\u201d.<\/p>\n\n\n\n<p>Las jornadas garantizar\u00e1n las consultas de atenci\u00f3n de salud integral dirigidas a ni\u00f1as y adolescentes en hospitales, cl\u00ednicas populares y ambulatorios, as\u00ed como tambi\u00e9n se llevar\u00e1n a cabo encuentros nacionales en liceos emblem\u00e1ticos por las \u00e1reas de salud integral, con el prop\u00f3sito de promover medidas preventivas de salud.<\/p>\n\n\n\n<p>Asimismo, se realizar\u00e1 la entrega casa por casa de boletines y cuadernillos digitales con informaci\u00f3n educativa sobre las etapas salud de la mujer, adem\u00e1s se busca desarrollar el programa \u201cAdultas Saludables\u201d, para garantizar la atenci\u00f3n de los riesgos de enfermedades propias de cada etapa de la vida.<\/p>\n\n\n\n<p>En contexto, apunt\u00f3 que el 06 de noviembre arrancar\u00e1 el \u201cPlan de Prevenci\u00f3n de Embarazo a Temprana Edad\u201d. \u201cUn tema que hay que atende, es un problema en Am\u00e9rica Latina y el Caribe. Tenemos que atenderlo con prevenci\u00f3n educativa en la escuela, en el liceo, en la comunidad y en la familia\u201d.<\/p>\n\n\n\n<p>De igual manera, destac\u00f3 que el pr\u00f3ximo mi\u00e9rcoles 01 de diciembre, se dar\u00e1 inicio a las jornadas nacionales informativas relacionadas con la etapa de gestaci\u00f3n, la cual comprende la promoci\u00f3n del Plan Parto Humanizado, ruta materna y lactancia materna, el fortalecimiento del plan materno y salas de lactancia, entre otros planes.<\/p>\n\n\n\n<p>En el marco de la planificaci\u00f3n familiar, \u201cvamos a socializar los planes para facilitar la fertilidad de las parejas\u201d, al tiempo que, el 11 de noviembre iniciar\u00e1 la jornada especial sobre el ciclo de la etapa reproductiva, \u201ccon la implementaci\u00f3n del nuevo programa especial de climaterio y menopausia y todo lo que tiene que ver con la atenci\u00f3n de la mujer adulta\u201d.<\/p>\n\n\n\n<p>Igualmente, subray\u00f3 que a partir del 20 de noviembre los hospitales tipo IV del Sistema P\u00fablico Nacional de Salud contar\u00e1n con 26 Unidades de Atenci\u00f3n Integral a la Mujer, distribuidas en centros de salud como Hospital \u201cDr. Luis Razetti\u201d en Anzo\u00e1tegui, Hospital \u201cFrancisco Antonio R\u00edsquez\u201d en Apure, Hospital Central de Maracay en Aragua, el Hospital Universitario de Caracas, en el Distrito Capital, entre otros.<\/p>\n\n\n\n<p>Puntualiz\u00f3 que, en una primera fase del plan de cr\u00e9ditos de emprendimiento dirigido a mujeres, se prev\u00e9 atender a 300 mil f\u00e9minas a trav\u00e9s de la aplicaci\u00f3n de las 4F (Formaci\u00f3n, Facilitaci\u00f3n, Financiamiento y Feria).<\/p>\n\n\n\n<p>Para ello, el Dignatario cre\u00f3 CrediMujer, programa dirigido a la asignaci\u00f3n de cr\u00e9ditos para mujeres emprendedoras, y design\u00f3 a Maryury Bargiela, presidenta del Fondo Nacional de Emprendimiento, como jefa de esta instancia.<\/p>\n\n\n\n<p>\u201cVamos incorpor\u00e1ndonos a todos los planes de los seis v\u00e9rtices (\u2026) vamos rumbo a la fundaci\u00f3n el 08 de marzo de 2024 de la Gran Federaci\u00f3n Venezolana de Mujeres de Venezuela\u201d, concluy\u00f3 el Mandatario.<\/p>\n\n\n\n<p><strong>Prensa Presidencial\/Joelin Jim\u00e9nez<\/strong><\/p>\n","protected":false},"excerpt":{"rendered":"<p>Palacio de Miraflores, Caracas.-&nbsp;A partir del 11 de noviembre iniciar\u00e1 en todo el territorio nacional las jornadas especiales de atenci\u00f3n integral dirigidas a ni\u00f1as, adolescentes y mujeres a trav\u00e9s de la Gran Misi\u00f3n Venezuela Mujer, as\u00ed lo inform\u00f3 el jefe de Estado, Nicol\u00e1s Maduro, en el programa \u201cCon Maduro +\u201d. Las jornadas garantizar\u00e1n las consultas [&hellip;]<\/p>\n","protected":false},"author":6,"featured_media":7658,"comment_status":"open","ping_status":"open","sticky":false,"template":"","format":"standard","meta":{"footnotes":""},"categories":[18,7],"tags":[],"class_list":["post-7657","post","type-post","status-publish","format-standard","has-post-thumbnail","hentry","category-noticias-principales","category-notas-de-prensa"],"_links":{"self":[{"href":"https:\/\/prensapresidencialvenezuela.gob.ve\/index.php\/wp-json\/wp\/v2\/posts\/7657","targetHints":{"allow":["GET"]}}],"collection":[{"href":"https:\/\/prensapresidencialvenezuela.gob.ve\/index.php\/wp-json\/wp\/v2\/posts"}],"about":[{"href":"https:\/\/prensapresidencialvenezuela.gob.ve\/index.php\/wp-json\/wp\/v2\/types\/post"}],"author":[{"embeddable":true,"href":"https:\/\/prensapresidencialvenezuela.gob.ve\/index.php\/wp-json\/wp\/v2\/users\/6"}],"replies":[{"embeddable":true,"href":"https:\/\/prensapresidencialvenezuela.gob.ve\/index.php\/wp-json\/wp\/v2\/comments?post=7657"}],"version-history":[{"count":1,"href":"https:\/\/prensapresidencialvenezuela.gob.ve\/index.php\/wp-json\/wp\/v2\/posts\/7657\/revisions"}],"predecessor-version":[{"id":7659,"href":"https:\/\/prensapresidencialvenezuela.gob.ve\/index.php\/wp-json\/wp\/v2\/posts\/7657\/revisions\/7659"}],"wp:featuredmedia":[{"embeddable":true,"href":"https:\/\/prensapresidencialvenezuela.gob.ve\/index.php\/wp-json\/wp\/v2\/media\/7658"}],"wp:attachment":[{"href":"https:\/\/prensapresidencialvenezuela.gob.ve\/index.php\/wp-json\/wp\/v2\/media?parent=7657"}],"wp:term":[{"taxonomy":"category","embeddable":true,"href":"https:\/\/prensapresidencialvenezuela.gob.ve\/index.php\/wp-json\/wp\/v2\/categories?post=7657"},{"taxonomy":"post_tag","embeddable":true,"href":"https:\/\/prensapresidencialvenezuela.gob.ve\/index.php\/wp-json\/wp\/v2\/tags?post=7657"}],"curies":[{"name":"wp","href":"https:\/\/api.w.org\/{rel}","templated":true}]}}