{"id":7660,"date":"2023-10-30T14:02:00","date_gmt":"2023-10-30T14:02:00","guid":{"rendered":"http:\/\/172.27.0.121\/?p=7660"},"modified":"2023-10-31T14:09:56","modified_gmt":"2023-10-31T14:09:56","slug":"centros-de-reclusion-intervenidos-formaban-parte-de-planes-desestabilizadores","status":"publish","type":"post","link":"https:\/\/prensapresidencialvenezuela.gob.ve\/index.php\/2023\/10\/30\/centros-de-reclusion-intervenidos-formaban-parte-de-planes-desestabilizadores\/","title":{"rendered":"Centros de reclusi\u00f3n intervenidos formaban parte de planes desestabilizadores"},"content":{"rendered":"\n<p><strong>Palacio de Miraflores, Caracas.-&nbsp;<\/strong>A partir de \u201coperaciones especiales\u201d, orquestadas desde el Internado Judicial de Aragua (Tocor\u00f3n), Internado Judicial de Carabobo (Tocuyito) e Internado Judicial Jos\u00e9 Antonio Anzo\u00e1tegui (Puente Ayala), se pretend\u00eda distribuir armas a grupos delictivos para \u201cllenar de violencia el pa\u00eds\u201d, denunci\u00f3 el presidente de la Rep\u00fablica, Nicol\u00e1s Maduro.<\/p>\n\n\n\n<p>Durante el programa&nbsp;<em>Con Maduro +<\/em>, transmitido a trav\u00e9s de Venezolana de Televisi\u00f3n (VTV), al citar informaci\u00f3n de fuentes nacionales e internacionales, se\u00f1al\u00f3 que el epicentro de ataque ser\u00edan \u201cciudades claves, regiones claves\u201d mediante acciones ejecutadas por \u201cgrupos delincuenciales pagados, bien pagados, con d\u00f3lares\u201d.<\/p>\n\n\n\n<p>\u201cMucha informaci\u00f3n que manejamos \u2013con fuentes nacionales e internacionales- nos dice que estos centros estaban enconados en el plan para guarimbear, para llenar de violencia el pa\u00eds con operaciones especiales que iban a hacer para que todas esas armas llegaran a la delincuencia y con grupos delincuenciales bien pagados, con d\u00f3lares\u201d, recalc\u00f3.<\/p>\n\n\n\n<p>Precisamente, el mandatario venezolano indic\u00f3 que el \u201cej\u00e9rcito de armas largas para guarimbear\u201d se encontrar\u00eda dentro de los centros penitenciarios intervenidos con la Operaci\u00f3n Gran Cacique Guaicaipuro, que este lunes se despleg\u00f3 en el Internado Judicial Jos\u00e9 Antonio Anzo\u00e1tegui, ubicado en Barcelona, y deriv\u00f3 en el traslado de 1.511 privados de libertad a otros penales de manera temporal.<\/p>\n\n\n\n<p>\u201cSi sumamos todas las armas largas que hemos conseguido, superamos las 600 armas largas. Un ej\u00e9rcito de armas largas para guarimbear\u201d, puntualiz\u00f3.<\/p>\n\n\n\n<p>En alusi\u00f3n al alcance de la Operaci\u00f3n Gran Cacique Guaicaipuro, subray\u00f3 que avanza \u201ccon \u00e9xito total\u201d en su misi\u00f3n de \u201cganar cada vez m\u00e1s espacios de seguridad y combatir focos infectados de violencia\u201d.<\/p>\n\n\n\n<p>\u201cTocor\u00f3n liberado, se acab\u00f3 Tocor\u00f3n; Tocuyito liberado, se acab\u00f3 Tocuyito, y hoy Puente Ayala liberado en tiempo r\u00e9cord, se acab\u00f3 Puente Ayala. \u00c9xito total de la Operaci\u00f3n Gran Cacique Guaicaipuro para garantizar cada vez m\u00e1s espacios de seguridad y tranquilidad para la gente; y para combatir focos infectados de violencia, de delitos\u201d, afirm\u00f3, al tiempo que reiter\u00f3 que \u201cseguiremos avanzando para establecer seguridad y protecci\u00f3n\u201d.<\/p>\n\n\n\n<p>Puente Ayala es la tercera c\u00e1rcel intervenida por la Operaci\u00f3n Gran Cacique Guaicaipuro, luego del Internado Judicial de Aragua (20 de septiembre) y del Internado Judicial de Carabobo (18 de octubre). En las dos \u00faltimos, funcionarios de seguridad incautaron material de guerra (armas largas, municiones y artefactos explosivos).<\/p>\n\n\n\n<p><strong>Prensa Presidencial \/ Karelis Gonz\u00e1lez<\/strong><\/p>\n","protected":false},"excerpt":{"rendered":"<p>Palacio de Miraflores, Caracas.-&nbsp;A partir de \u201coperaciones especiales\u201d, orquestadas desde el Internado Judicial de Aragua (Tocor\u00f3n), Internado Judicial de Carabobo (Tocuyito) e Internado Judicial Jos\u00e9 Antonio Anzo\u00e1tegui (Puente Ayala), se pretend\u00eda distribuir armas a grupos delictivos para \u201cllenar de violencia el pa\u00eds\u201d, denunci\u00f3 el presidente de la Rep\u00fablica, Nicol\u00e1s Maduro. Durante el programa&nbsp;Con Maduro +, [&hellip;]<\/p>\n","protected":false},"author":6,"featured_media":7661,"comment_status":"open","ping_status":"open","sticky":false,"template":"","format":"standard","meta":{"footnotes":""},"categories":[18,7],"tags":[],"class_list":["post-7660","post","type-post","status-publish","format-standard","has-post-thumbnail","hentry","category-noticias-principales","category-notas-de-prensa"],"_links":{"self":[{"href":"https:\/\/prensapresidencialvenezuela.gob.ve\/index.php\/wp-json\/wp\/v2\/posts\/7660","targetHints":{"allow":["GET"]}}],"collection":[{"href":"https:\/\/prensapresidencialvenezuela.gob.ve\/index.php\/wp-json\/wp\/v2\/posts"}],"about":[{"href":"https:\/\/prensapresidencialvenezuela.gob.ve\/index.php\/wp-json\/wp\/v2\/types\/post"}],"author":[{"embeddable":true,"href":"https:\/\/prensapresidencialvenezuela.gob.ve\/index.php\/wp-json\/wp\/v2\/users\/6"}],"replies":[{"embeddable":true,"href":"https:\/\/prensapresidencialvenezuela.gob.ve\/index.php\/wp-json\/wp\/v2\/comments?post=7660"}],"version-history":[{"count":1,"href":"https:\/\/prensapresidencialvenezuela.gob.ve\/index.php\/wp-json\/wp\/v2\/posts\/7660\/revisions"}],"predecessor-version":[{"id":7663,"href":"https:\/\/prensapresidencialvenezuela.gob.ve\/index.php\/wp-json\/wp\/v2\/posts\/7660\/revisions\/7663"}],"wp:featuredmedia":[{"embeddable":true,"href":"https:\/\/prensapresidencialvenezuela.gob.ve\/index.php\/wp-json\/wp\/v2\/media\/7661"}],"wp:attachment":[{"href":"https:\/\/prensapresidencialvenezuela.gob.ve\/index.php\/wp-json\/wp\/v2\/media?parent=7660"}],"wp:term":[{"taxonomy":"category","embeddable":true,"href":"https:\/\/prensapresidencialvenezuela.gob.ve\/index.php\/wp-json\/wp\/v2\/categories?post=7660"},{"taxonomy":"post_tag","embeddable":true,"href":"https:\/\/prensapresidencialvenezuela.gob.ve\/index.php\/wp-json\/wp\/v2\/tags?post=7660"}],"curies":[{"name":"wp","href":"https:\/\/api.w.org\/{rel}","templated":true}]}}