{"id":7668,"date":"2023-10-30T16:19:00","date_gmt":"2023-10-30T16:19:00","guid":{"rendered":"http:\/\/172.27.0.121\/?p=7668"},"modified":"2023-10-31T16:25:48","modified_gmt":"2023-10-31T16:25:48","slug":"venezuela-respondera-con-contundencia-a-las-provocaciones-de-guyana","status":"publish","type":"post","link":"https:\/\/prensapresidencialvenezuela.gob.ve\/index.php\/2023\/10\/30\/venezuela-respondera-con-contundencia-a-las-provocaciones-de-guyana\/","title":{"rendered":"Venezuela responder\u00e1 con contundencia a las provocaciones de Guyana"},"content":{"rendered":"\n<p><strong>Palacio de Miraflores, Caracas.-&nbsp;<\/strong>Al referir las declaraciones \u201cbelicistas, irrespetuosas e ilegales\u201d del presidente de Guyana, Irfaan Ali, sobre el refer\u00e9ndum consultivo sobre la Guayana Esequiba, el jefe de Estado y de Gobierno, Nicol\u00e1s Maduro, asever\u00f3 que las provocaciones tendr\u00e1n una respuesta contundente el domingo 3 de diciembre.<\/p>\n\n\n\n<p>\u201cNosotros ac\u00e1 serenos, equilibrados, firmes y prepar\u00e1ndonos para el gran refer\u00e9ndum consultivo porque est\u00e1 retando al pueblo de Venezuela y tenemos una forma clara de responder a las provocaciones del Comando Sur, de la ExxonMobil, de los pol\u00edticos a sueldo y las pretensiones guerreristas de Guyana: el 3 de diciembre saliendo a votar masivamente por el Esequibo\u201d, recalc\u00f3 durante el&nbsp;<em>Con Maduro +<\/em>, transmitido a trav\u00e9s de Venezolana de Televisi\u00f3n (VTV).<\/p>\n\n\n\n<p>El Presidente Nicol\u00e1s Maduro aludi\u00f3 el reciente pronunciamiento de su hom\u00f3logo de Guyana, quien \u2013durante una visita a la Guayana Esequiba- afirm\u00f3 que su pa\u00eds no ceder\u00e1 ni una \u201cpulgada\u201d del territorio en una posici\u00f3n amenazante contra Venezuela. En este sentido, cuestion\u00f3 el doble rasero de los organismos internacionales y medios de comunicaci\u00f3n al se\u00f1alar que, de ser \u00e9l quien tomar\u00e1 esa acci\u00f3n, ser\u00eda objeto de se\u00f1alamientos.<\/p>\n\n\n\n<p>\u201cSi Nicol\u00e1s Maduro, presidente de Venezuela, se fuera a territorio colindante de la Guayana Esequiba, se vistiera de militar y dijera lo que dijo el Presidente de Guyana, \u00bfqu\u00e9 hubiesen dicho los medios de comunicaci\u00f3n internacional? Ya estuvieran convocando a una sesi\u00f3n del Consejo de Seguridad, pero como lo hace un protegido de la ExxonMobil es normal\u201d, explic\u00f3.<\/p>\n\n\n\n<p>El mandatario venezolano tambi\u00e9n repudi\u00f3 el \u201crecurso temerario\u201d que introdujo Guyana ante la Corte Internacional de Justicia (CIJ) para frenar el refer\u00e9ndum consultivo de Venezuela. Sobre esto, ratific\u00f3 que la naci\u00f3n suramericana no reconoce su jurisdicci\u00f3n en el caso del Esequibo.<\/p>\n\n\n\n<p>\u201cEl recurso temerario que ha metido Guyana tendr\u00e1 respuesta directa de la verdad de Venezuela ante la instancia que tengamos que responder\u201d, agreg\u00f3<\/p>\n\n\n\n<p>Maduro afirm\u00f3 que la principal contestaci\u00f3n a las amenazas de Guyana est\u00e1 en manos de los venezolanos, raz\u00f3n por la cual convoco al pueblo a participar masivamente en el refer\u00e9ndum consultivo del 3 de diciembre.<\/p>\n\n\n\n<p>\u201cEl 3 de diciembre el refer\u00e9ndum consultivo va porque va. El 3 de diciembre el pueblo le responder\u00e1 a usted con el voto afirmativo por la unidad integral de Venezuela\u201d, apunt\u00f3.<\/p>\n\n\n\n<p><strong>Prensa Presidencial \/ Karelis Gonz\u00e1lez<\/strong><\/p>\n","protected":false},"excerpt":{"rendered":"<p>Palacio de Miraflores, Caracas.-&nbsp;Al referir las declaraciones \u201cbelicistas, irrespetuosas e ilegales\u201d del presidente de Guyana, Irfaan Ali, sobre el refer\u00e9ndum consultivo sobre la Guayana Esequiba, el jefe de Estado y de Gobierno, Nicol\u00e1s Maduro, asever\u00f3 que las provocaciones tendr\u00e1n una respuesta contundente el domingo 3 de diciembre. \u201cNosotros ac\u00e1 serenos, equilibrados, firmes y prepar\u00e1ndonos para [&hellip;]<\/p>\n","protected":false},"author":6,"featured_media":7669,"comment_status":"open","ping_status":"open","sticky":false,"template":"","format":"standard","meta":{"footnotes":""},"categories":[18,7],"tags":[],"class_list":["post-7668","post","type-post","status-publish","format-standard","has-post-thumbnail","hentry","category-noticias-principales","category-notas-de-prensa"],"_links":{"self":[{"href":"https:\/\/prensapresidencialvenezuela.gob.ve\/index.php\/wp-json\/wp\/v2\/posts\/7668","targetHints":{"allow":["GET"]}}],"collection":[{"href":"https:\/\/prensapresidencialvenezuela.gob.ve\/index.php\/wp-json\/wp\/v2\/posts"}],"about":[{"href":"https:\/\/prensapresidencialvenezuela.gob.ve\/index.php\/wp-json\/wp\/v2\/types\/post"}],"author":[{"embeddable":true,"href":"https:\/\/prensapresidencialvenezuela.gob.ve\/index.php\/wp-json\/wp\/v2\/users\/6"}],"replies":[{"embeddable":true,"href":"https:\/\/prensapresidencialvenezuela.gob.ve\/index.php\/wp-json\/wp\/v2\/comments?post=7668"}],"version-history":[{"count":1,"href":"https:\/\/prensapresidencialvenezuela.gob.ve\/index.php\/wp-json\/wp\/v2\/posts\/7668\/revisions"}],"predecessor-version":[{"id":7670,"href":"https:\/\/prensapresidencialvenezuela.gob.ve\/index.php\/wp-json\/wp\/v2\/posts\/7668\/revisions\/7670"}],"wp:featuredmedia":[{"embeddable":true,"href":"https:\/\/prensapresidencialvenezuela.gob.ve\/index.php\/wp-json\/wp\/v2\/media\/7669"}],"wp:attachment":[{"href":"https:\/\/prensapresidencialvenezuela.gob.ve\/index.php\/wp-json\/wp\/v2\/media?parent=7668"}],"wp:term":[{"taxonomy":"category","embeddable":true,"href":"https:\/\/prensapresidencialvenezuela.gob.ve\/index.php\/wp-json\/wp\/v2\/categories?post=7668"},{"taxonomy":"post_tag","embeddable":true,"href":"https:\/\/prensapresidencialvenezuela.gob.ve\/index.php\/wp-json\/wp\/v2\/tags?post=7668"}],"curies":[{"name":"wp","href":"https:\/\/api.w.org\/{rel}","templated":true}]}}