{"id":7671,"date":"2023-10-31T20:23:29","date_gmt":"2023-10-31T20:23:29","guid":{"rendered":"http:\/\/172.27.0.121\/?p=7671"},"modified":"2023-10-31T20:23:29","modified_gmt":"2023-10-31T20:23:29","slug":"presidencialven-en-linea-n-26","status":"publish","type":"post","link":"https:\/\/prensapresidencialvenezuela.gob.ve\/index.php\/2023\/10\/31\/presidencialven-en-linea-n-26\/","title":{"rendered":"PresidencialVen en L\u00ednea | N\u00b0 26"},"content":{"rendered":"\n<p>El presidente de la Rep\u00fablica Nicol\u00e1s Maduro, abog\u00f3 por el cese al fuego y negociaciones de paz frente a escalada de violencia en la Franja de Gaza.<\/p>\n\n\n\n<p>Conoce m\u00e1s sobre este y otros temas en este episodio de PresidencialVen en L\u00ednea<\/p>\n\n\n\n<figure class=\"wp-block-audio\"><audio controls src=\"https:\/\/prensapresidencialvenezuela.gob.ve\/wp-content\/uploads\/2023\/10\/PRESIDENCIAL-VEN-26.mp3\"><\/audio><\/figure>\n","protected":false},"excerpt":{"rendered":"<p>El presidente de la Rep\u00fablica Nicol\u00e1s Maduro, abog\u00f3 por el cese al fuego y negociaciones de paz frente a escalada de violencia en la Franja de Gaza. Conoce m\u00e1s sobre este y otros temas en este episodio de PresidencialVen en L\u00ednea<\/p>\n","protected":false},"author":6,"featured_media":7678,"comment_status":"open","ping_status":"open","sticky":false,"template":"","format":"standard","meta":{"footnotes":""},"categories":[18,3],"tags":[],"class_list":["post-7671","post","type-post","status-publish","format-standard","has-post-thumbnail","hentry","category-noticias-principales","category-contenido-de-audios"],"_links":{"self":[{"href":"https:\/\/prensapresidencialvenezuela.gob.ve\/index.php\/wp-json\/wp\/v2\/posts\/7671","targetHints":{"allow":["GET"]}}],"collection":[{"href":"https:\/\/prensapresidencialvenezuela.gob.ve\/index.php\/wp-json\/wp\/v2\/posts"}],"about":[{"href":"https:\/\/prensapresidencialvenezuela.gob.ve\/index.php\/wp-json\/wp\/v2\/types\/post"}],"author":[{"embeddable":true,"href":"https:\/\/prensapresidencialvenezuela.gob.ve\/index.php\/wp-json\/wp\/v2\/users\/6"}],"replies":[{"embeddable":true,"href":"https:\/\/prensapresidencialvenezuela.gob.ve\/index.php\/wp-json\/wp\/v2\/comments?post=7671"}],"version-history":[{"count":1,"href":"https:\/\/prensapresidencialvenezuela.gob.ve\/index.php\/wp-json\/wp\/v2\/posts\/7671\/revisions"}],"predecessor-version":[{"id":7680,"href":"https:\/\/prensapresidencialvenezuela.gob.ve\/index.php\/wp-json\/wp\/v2\/posts\/7671\/revisions\/7680"}],"wp:featuredmedia":[{"embeddable":true,"href":"https:\/\/prensapresidencialvenezuela.gob.ve\/index.php\/wp-json\/wp\/v2\/media\/7678"}],"wp:attachment":[{"href":"https:\/\/prensapresidencialvenezuela.gob.ve\/index.php\/wp-json\/wp\/v2\/media?parent=7671"}],"wp:term":[{"taxonomy":"category","embeddable":true,"href":"https:\/\/prensapresidencialvenezuela.gob.ve\/index.php\/wp-json\/wp\/v2\/categories?post=7671"},{"taxonomy":"post_tag","embeddable":true,"href":"https:\/\/prensapresidencialvenezuela.gob.ve\/index.php\/wp-json\/wp\/v2\/tags?post=7671"}],"curies":[{"name":"wp","href":"https:\/\/api.w.org\/{rel}","templated":true}]}}